{"id":19161,"date":"2021-06-23T10:53:00","date_gmt":"2021-06-23T10:53:00","guid":{"rendered":"https:\/\/www.lauaxeta.eus\/oporrak-lagunak-afizioak-udalekuak\/"},"modified":"2021-10-26T08:05:05","modified_gmt":"2021-10-26T08:05:05","slug":"oporrak-lagunak-afizioak-udalekuak","status":"publish","type":"post","link":"https:\/\/www.lauaxeta.eus\/es\/oporrak-lagunak-afizioak-udalekuak\/","title":{"rendered":"Vacaciones, amigos, aficiones&#8230; udalekuak!"},"content":{"rendered":"<p>Suena bien \u00bfverdad? Aunque a la mayor\u00eda de padres y madres a\u00fan nos toca esperar un poco para disfrutar de las nuestras, nuestros hijos e hijas ya est\u00e1n de vacaciones. Y <strong>aquellos y aquellas que han optado por las propuestas de Lauaxeta, est\u00e1n la disfrutando a tope. \u00bfQuieres verlo?<\/strong><\/p>\n<p><strong>Las udaleku irekiak de Lauaxeta ya est\u00e1n en marcha: actividades diversas seg\u00fan la edad<\/strong>: manualidades, paseos, surf\u2026 puedes echar un vistazo en las fotos o\u00a0<a title=\"Udaleku irekiak Lauaxeta Ikastola\" href=\"https:\/\/54.37.122.150\/es\/disfrutrando-del-verano-como-se-merecen\" target=\"_blank\" rel=\"noopener\">acceder a informaci\u00f3n m\u00e1s detallada en el siguiente enlace.<\/a><\/p>\n<p><strong>Y\u2026 los que se han animado a ir a Lizarra y Egino, \u00a1est\u00e1n ya preparando las maletas!<\/strong>\u00a0Para vuestras familias, aprovechamos para recordaros las cuentas de Instagram desde las que podr\u00e1n ser testigos de vuestros udalekus y de paso darles un poco de envidia. En este enlace pod\u00e9is echar un vistazo a la cuenta de\u00a0<a title=\"Instagram Lizarra Lauaxeta Ikastola\" href=\"https:\/\/www.instagram.com\/lizarraudalekua_lauaxetaikasto\/\" target=\"_blank\" rel=\"noopener\">Instagram de Lizarra<\/a>\u00a0y en este\u00a0<a title=\"Instagram Egino Lauaxeta Ikastola\" href=\"https:\/\/www.instagram.com\/eginoudalekua_lauaxetaikasto\/\" target=\"_blank\" rel=\"noopener\">otro a la de Egino<\/a>.<\/p>\n<p>Este a\u00f1o, se merecen m\u00e1s que nunca disfrutar de sus vacaciones. Ondo pasa!<\/p>\n","protected":false},"excerpt":{"rendered":"<p>Plan ona, ezta? Guraso gehienek pixka bat itxaron behar dogu oraindik gure oporrez gozatzeko, baina, <strong>gure seme-alabak oporretan dagoz. Lauaxetaren proposamenen alde egin dabenek, gogotik gozatzen ari dira<\/strong>. Ikusi nahi dozu?<\/p>\n","protected":false},"author":1,"featured_media":16730,"comment_status":"closed","ping_status":"open","sticky":false,"template":"","format":"standard","meta":{"footnotes":""},"categories":[221],"tags":[206,202,184,193,181,214,190,194,192,185],"class_list":["post-19161","post","type-post","status-publish","format-standard","has-post-thumbnail","hentry","category-actividades-extraescolares-y-de-verano","tag-actividades-de-verano","tag-conocemos-de-cerca-a","tag-cosas-del-dia","tag-deporte","tag-educacion","tag-educacion-infantil","tag-educacion-para-la-sociedad","tag-extraescolares","tag-instalaciones","tag-metodologias-y-tecnicas-educativas"],"_links":{"self":[{"href":"https:\/\/www.lauaxeta.eus\/es\/wp-json\/wp\/v2\/posts\/19161","targetHints":{"allow":["GET"]}}],"collection":[{"href":"https:\/\/www.lauaxeta.eus\/es\/wp-json\/wp\/v2\/posts"}],"about":[{"href":"https:\/\/www.lauaxeta.eus\/es\/wp-json\/wp\/v2\/types\/post"}],"author":[{"embeddable":true,"href":"https:\/\/www.lauaxeta.eus\/es\/wp-json\/wp\/v2\/users\/1"}],"replies":[{"embeddable":true,"href":"https:\/\/www.lauaxeta.eus\/es\/wp-json\/wp\/v2\/comments?post=19161"}],"version-history":[{"count":2,"href":"https:\/\/www.lauaxeta.eus\/es\/wp-json\/wp\/v2\/posts\/19161\/revisions"}],"predecessor-version":[{"id":19163,"href":"https:\/\/www.lauaxeta.eus\/es\/wp-json\/wp\/v2\/posts\/19161\/revisions\/19163"}],"wp:featuredmedia":[{"embeddable":true,"href":"https:\/\/www.lauaxeta.eus\/es\/wp-json\/wp\/v2\/media\/16730"}],"wp:attachment":[{"href":"https:\/\/www.lauaxeta.eus\/es\/wp-json\/wp\/v2\/media?parent=19161"}],"wp:term":[{"taxonomy":"category","embeddable":true,"href":"https:\/\/www.lauaxeta.eus\/es\/wp-json\/wp\/v2\/categories?post=19161"},{"taxonomy":"post_tag","embeddable":true,"href":"https:\/\/www.lauaxeta.eus\/es\/wp-json\/wp\/v2\/tags?post=19161"}],"curies":[{"name":"wp","href":"https:\/\/api.w.org\/{rel}","templated":true}]}}