{"id":23915,"date":"2021-04-16T11:50:21","date_gmt":"2021-04-16T11:50:21","guid":{"rendered":"https:\/\/www.lauaxeta.eus\/mask-bags-maskara-berrerabilien-egitasmoa-komunikabideen-bitartez-hedatzen\/"},"modified":"2021-12-03T11:51:42","modified_gmt":"2021-12-03T11:51:42","slug":"mask-bags-maskara-berrerabilien-egitasmoa-komunikabideen-bitartez-hedatzen","status":"publish","type":"post","link":"https:\/\/www.lauaxeta.eus\/es\/mask-bags-maskara-berrerabilien-egitasmoa-komunikabideen-bitartez-hedatzen\/","title":{"rendered":"Los medios de comunicaci\u00f3n se hacen eco del proyecto de mascarillas reutilizadas Mask Bags"},"content":{"rendered":"<p><strong>El objetivo de las tres alumnas no es el de sacar beneficio econ\u00f3mico, si no el de crear conciencia en la sociedad. Lo mejor, escucharlo de su propia voz y palabras.<\/strong><\/p>\n<p>La pandemia nos ha quitado mucho. Sin embargo, no podemos olvidar todo lo que esto nos ha ense\u00f1ado.\u00a0<strong>Irune, Matxalen y Amaia,\u00a0alumnas de 2\u00ba de Bachillerato de Lauaxeta Ikastola\u00a0lo saben bien. Ellas mismas nos han demostrado c\u00f3mo siempre hay algo positivo y esperanzador que sacar de toda situaci\u00f3n negativa y esto, tiene un valor incalculable.<\/strong><\/p>\n<p><strong>El proyecto de mascarillas reutilizadas que han llevado a cabo a trav\u00e9s del emprendizaje ha tenido una enorme repercusi\u00f3n en los medios de comunicaci\u00f3n<\/strong>;\u00a0<strong>y ciertamente, ese es su objetivo: crear conciencia en la sociedad para dar lugar a posibles r\u00e9plicas del proyecto para as\u00ed, entre todos, contribuir a la soluci\u00f3n de problemas sociales.<\/strong><\/p>\n<p><strong><a title=\"Maskbags bolsas a partir de mascarillas Lauaxeta Ikastola ETB Gaur Egun\" href=\"https:\/\/www.eitb.eus\/eu\/albisteak\/gizartea\/bideoak\/osoa\/7981975\/bideoa-musuko-erabiliekin-poltsak-egiteko-proiektua-garatu-dute-lauaxeta-ikastolan\/\" target=\"_blank\" rel=\"noopener\">Puedes ver la noticia de\u00a0<em>Gaur Egun aqu\u00ed<\/em>\u00a0<\/a>y la noticia en\u00a0<em>Teleberri m\u00e1s abajo.<\/em><\/strong><\/p>\n<p><a title=\"Contacto Maskbags\" href=\"https:\/\/www.instagram.com\/mask.bags\/?igshid=qixx9msy1j69\" target=\"_blank\" rel=\"noopener\"><strong>Para ponerte en contacto con Maskbags accede a este otro enlace.<\/strong><\/a><\/p>\n<p><iframe loading=\"lazy\" title=\"LAUAXETA IKASTOLA- Mask Bags\" width=\"1150\" height=\"863\" src=\"https:\/\/www.youtube.com\/embed\/FkPrCtb_wso?feature=oembed\" frameborder=\"0\" allow=\"accelerometer; autoplay; clipboard-write; encrypted-media; gyroscope; picture-in-picture\" allowfullscreen><\/iframe><\/p>\n","protected":false},"excerpt":{"rendered":"<p>El objetivo de las tres alumnas no es el de sacar beneficio econ\u00f3mico, si no el de crear conciencia en la sociedad. Lo mejor, escucharlo de su propia voz y palabras. La pandemia nos ha quitado mucho. Sin embargo, no podemos olvidar todo lo que esto nos ha ense\u00f1ado.\u00a0Irune, Matxalen y Amaia,\u00a0alumnas de 2\u00ba de [&hellip;]<\/p>\n","protected":false},"author":1,"featured_media":23912,"comment_status":"closed","ping_status":"open","sticky":false,"template":"","format":"standard","meta":{"footnotes":""},"categories":[231],"tags":[180,202,184,190,207,215,182,192,200,185,195,191,189],"class_list":["post-23915","post","type-post","status-publish","format-standard","has-post-thumbnail","hentry","category-lauaxeta-en-los-medios","tag-agenda-21-es","tag-conocemos-de-cerca-a","tag-cosas-del-dia","tag-educacion-para-la-sociedad","tag-futuro","tag-ikasleen-hitzetan-es","tag-innovacion","tag-instalaciones","tag-medios","tag-metodologias-y-tecnicas-educativas","tag-premios-y-reconocimientos","tag-seguridad","tag-solidaridad"],"_links":{"self":[{"href":"https:\/\/www.lauaxeta.eus\/es\/wp-json\/wp\/v2\/posts\/23915","targetHints":{"allow":["GET"]}}],"collection":[{"href":"https:\/\/www.lauaxeta.eus\/es\/wp-json\/wp\/v2\/posts"}],"about":[{"href":"https:\/\/www.lauaxeta.eus\/es\/wp-json\/wp\/v2\/types\/post"}],"author":[{"embeddable":true,"href":"https:\/\/www.lauaxeta.eus\/es\/wp-json\/wp\/v2\/users\/1"}],"replies":[{"embeddable":true,"href":"https:\/\/www.lauaxeta.eus\/es\/wp-json\/wp\/v2\/comments?post=23915"}],"version-history":[{"count":1,"href":"https:\/\/www.lauaxeta.eus\/es\/wp-json\/wp\/v2\/posts\/23915\/revisions"}],"predecessor-version":[{"id":23916,"href":"https:\/\/www.lauaxeta.eus\/es\/wp-json\/wp\/v2\/posts\/23915\/revisions\/23916"}],"wp:featuredmedia":[{"embeddable":true,"href":"https:\/\/www.lauaxeta.eus\/es\/wp-json\/wp\/v2\/media\/23912"}],"wp:attachment":[{"href":"https:\/\/www.lauaxeta.eus\/es\/wp-json\/wp\/v2\/media?parent=23915"}],"wp:term":[{"taxonomy":"category","embeddable":true,"href":"https:\/\/www.lauaxeta.eus\/es\/wp-json\/wp\/v2\/categories?post=23915"},{"taxonomy":"post_tag","embeddable":true,"href":"https:\/\/www.lauaxeta.eus\/es\/wp-json\/wp\/v2\/tags?post=23915"}],"curies":[{"name":"wp","href":"https:\/\/api.w.org\/{rel}","templated":true}]}}