{"id":59096,"date":"2025-09-08T12:32:59","date_gmt":"2025-09-08T10:32:59","guid":{"rendered":"https:\/\/www.lauaxeta.eus\/?p=59096"},"modified":"2025-09-08T12:32:59","modified_gmt":"2025-09-08T10:32:59","slug":"un-camino-compartido-desde-hoy","status":"publish","type":"post","link":"https:\/\/www.lauaxeta.eus\/es\/un-camino-compartido-desde-hoy\/","title":{"rendered":"Un camino compartido desde hoy"},"content":{"rendered":"<p data-start=\"176\" data-end=\"460\">El inicio de curso siempre llega cargado de emociones encontradas. Por un lado, sentimos esas peque\u00f1as perezas despu\u00e9s del verano \ud83d\ude0c, la nostalgia de los d\u00edas largos y tranquilos. Tambi\u00e9n puede asomar el miedo: miedo a lo desconocido, a los cambios, a los retos que est\u00e1n por venir.<\/p>\n<p data-start=\"462\" data-end=\"717\">Pero junto a esas sensaciones, se abre tambi\u00e9n un camino lleno de ilusi\u00f3n \ud83c\udf08. Cada septiembre nos regala la oportunidad de empezar de nuevo, de abrir una p\u00e1gina en blanco donde escribir experiencias, aprendizajes y recuerdos que nos acompa\u00f1ar\u00e1n siempre.<\/p>\n<p data-start=\"719\" data-end=\"1018\">Hoy comienza un viaje en el que caminamos juntos: desde quienes dan sus primeros pasos en el aula de 1 a\u00f1o, hasta quienes afrontan el tramo final del Bachillerato con la mirada puesta en el futuro \ud83c\udf93. Cada etapa tiene sus propios retos, sus propios miedos\u2026 y tambi\u00e9n sus propias alegr\u00edas y logros.<\/p>\n<p data-start=\"1020\" data-end=\"1225\">Este curso ser\u00e1 una oportunidad para crecer, descubrir y superarse \ud83d\udcaa. Habr\u00e1 d\u00edas f\u00e1ciles y otros m\u00e1s complicados, pero todos traer\u00e1n consigo la posibilidad de aprender y de desarrollarnos como personas.<\/p>\n<p data-start=\"1227\" data-end=\"1523\">A todas las alumnas y alumnos, y a todas las familias que nos acompa\u00f1\u00e1is: \u00e1nimo, confianza y entusiasmo. No est\u00e1is solos en este camino. Compartimos un mismo horizonte y, paso a paso, construiremos un curso lleno de experiencias que nos har\u00e1n m\u00e1s fuertes, m\u00e1s sabios y, sobre todo, m\u00e1s humanos.<\/p>\n<p>\u00bfEst\u00e1s preparado-a? Te recordamos que puedes echar un vistazo al\u00a0<a href=\"https:\/\/www.lauaxeta.eus\/wp-content\/uploads\/2025\/06\/LAUAXETA-IKASTOLA-Eskola-egutegia-2025-2026-OROKORRA-GENERAL.pdf\">calendario escolar en este enlace,<\/a> as\u00ed como al\u00a0<a href=\"https:\/\/www.lauaxeta.eus\/wp-content\/uploads\/2025\/06\/LAUAXETA-IKASTOLA-Eskola-egutegia-2025-2026-HH-INFANTIL-1.pdf\">calendario escolar especial de Educaci\u00f3n Infantil<\/a> y <a href=\"https:\/\/www.lauaxeta.eus\/wp-content\/uploads\/2025\/06\/LAUAXETA-IKASTOLA-Eskola-egutegia-2025-2026-HH-1-urte-1-ano-2.pdf\">al del aula de 1 a\u00f1o\u00a0<\/a> y a las\u00a0<a href=\"https:\/\/www.lauaxeta.eus\/es\/hasierako-informazioa\/\">Gu\u00edas de bienvenida en el \u00e1rea de familias de nuestra web<\/a>. Te dejamos tambi\u00e9n <a href=\"https:\/\/www.lauaxeta.eus\/wp-content\/uploads\/2025\/09\/LAUAXETA-IKASTOLA-Jantokia-iraila-urria-2025.pdf\">el enlace al men\u00fa del comedor<\/a>. Besarkada bat!<\/p>\n","protected":false},"excerpt":{"rendered":"<p>El inicio de curso siempre llega cargado de emociones encontradas. Por un lado, sentimos esas peque\u00f1as perezas despu\u00e9s del verano \ud83d\ude0c, la nostalgia de los d\u00edas largos y tranquilos. Tambi\u00e9n puede asomar el miedo: miedo a lo desconocido, a los cambios, a los retos que est\u00e1n por venir. Pero junto a esas sensaciones, se abre [&hellip;]<\/p>\n","protected":false},"author":3,"featured_media":59108,"comment_status":"closed","ping_status":"open","sticky":false,"template":"","format":"standard","meta":{"footnotes":""},"categories":[1],"tags":[],"class_list":["post-59096","post","type-post","status-publish","format-standard","has-post-thumbnail","hentry","category-sin-categorizar"],"_links":{"self":[{"href":"https:\/\/www.lauaxeta.eus\/es\/wp-json\/wp\/v2\/posts\/59096","targetHints":{"allow":["GET"]}}],"collection":[{"href":"https:\/\/www.lauaxeta.eus\/es\/wp-json\/wp\/v2\/posts"}],"about":[{"href":"https:\/\/www.lauaxeta.eus\/es\/wp-json\/wp\/v2\/types\/post"}],"author":[{"embeddable":true,"href":"https:\/\/www.lauaxeta.eus\/es\/wp-json\/wp\/v2\/users\/3"}],"replies":[{"embeddable":true,"href":"https:\/\/www.lauaxeta.eus\/es\/wp-json\/wp\/v2\/comments?post=59096"}],"version-history":[{"count":2,"href":"https:\/\/www.lauaxeta.eus\/es\/wp-json\/wp\/v2\/posts\/59096\/revisions"}],"predecessor-version":[{"id":59112,"href":"https:\/\/www.lauaxeta.eus\/es\/wp-json\/wp\/v2\/posts\/59096\/revisions\/59112"}],"wp:featuredmedia":[{"embeddable":true,"href":"https:\/\/www.lauaxeta.eus\/es\/wp-json\/wp\/v2\/media\/59108"}],"wp:attachment":[{"href":"https:\/\/www.lauaxeta.eus\/es\/wp-json\/wp\/v2\/media?parent=59096"}],"wp:term":[{"taxonomy":"category","embeddable":true,"href":"https:\/\/www.lauaxeta.eus\/es\/wp-json\/wp\/v2\/categories?post=59096"},{"taxonomy":"post_tag","embeddable":true,"href":"https:\/\/www.lauaxeta.eus\/es\/wp-json\/wp\/v2\/tags?post=59096"}],"curies":[{"name":"wp","href":"https:\/\/api.w.org\/{rel}","templated":true}]}}