{"id":61999,"date":"2026-01-15T10:18:56","date_gmt":"2026-01-15T08:18:56","guid":{"rendered":"https:\/\/www.lauaxeta.eus\/?p=61999"},"modified":"2026-01-15T10:18:56","modified_gmt":"2026-01-15T08:18:56","slug":"proyecto-inspira-en-lauxeta-ikastola","status":"publish","type":"post","link":"https:\/\/www.lauaxeta.eus\/es\/proyecto-inspira-en-lauxeta-ikastola\/","title":{"rendered":"Proyecto Inspira en Lauxeta Ikastola"},"content":{"rendered":"<p>\ud83c\udf1f\u00a0En Lauxeta Ikastola nos unimos al <strong>Proyecto Inspira<\/strong> para <strong>fomentar vocaciones cient\u00edficas entre las chicas<\/strong> y visibilizar referentes STEM desde edades tempranas \ud83d\udc69\u200d\ud83d\udd2c\u2728.<\/p>\n<p>A trav\u00e9s de <strong>sesiones din\u00e1micas en el aula<\/strong>, nuestras alumnas conocen diferentes profesiones cient\u00edficas, cuestionan estereotipos de g\u00e9nero y refuerzan su <strong>confianza y curiosidad<\/strong> \ud83d\udd2c\ud83d\udca1.<\/p>\n<p>Con Inspira seguimos construyendo un espacio educativo donde <strong>todas puedan imaginar su futuro sin l\u00edmites<\/strong> \ud83d\ude80\ud83c\udf08.<\/p>\n","protected":false},"excerpt":{"rendered":"<p>\ud83c\udf1f\u00a0En Lauxeta Ikastola nos unimos al Proyecto Inspira para fomentar vocaciones cient\u00edficas entre las chicas y visibilizar referentes STEM desde edades tempranas \ud83d\udc69\u200d\ud83d\udd2c\u2728. A trav\u00e9s de sesiones din\u00e1micas en el aula, nuestras alumnas conocen diferentes profesiones cient\u00edficas, cuestionan estereotipos de g\u00e9nero y refuerzan su confianza y curiosidad \ud83d\udd2c\ud83d\udca1. Con Inspira seguimos construyendo un espacio educativo [&hellip;]<\/p>\n","protected":false},"author":3,"featured_media":62000,"comment_status":"closed","ping_status":"open","sticky":false,"template":"","format":"standard","meta":{"footnotes":""},"categories":[1],"tags":[458,459],"class_list":["post-61999","post","type-post","status-publish","format-standard","has-post-thumbnail","hentry","category-sin-categorizar","tag-lh-es","tag-primaria-es"],"_links":{"self":[{"href":"https:\/\/www.lauaxeta.eus\/es\/wp-json\/wp\/v2\/posts\/61999","targetHints":{"allow":["GET"]}}],"collection":[{"href":"https:\/\/www.lauaxeta.eus\/es\/wp-json\/wp\/v2\/posts"}],"about":[{"href":"https:\/\/www.lauaxeta.eus\/es\/wp-json\/wp\/v2\/types\/post"}],"author":[{"embeddable":true,"href":"https:\/\/www.lauaxeta.eus\/es\/wp-json\/wp\/v2\/users\/3"}],"replies":[{"embeddable":true,"href":"https:\/\/www.lauaxeta.eus\/es\/wp-json\/wp\/v2\/comments?post=61999"}],"version-history":[{"count":2,"href":"https:\/\/www.lauaxeta.eus\/es\/wp-json\/wp\/v2\/posts\/61999\/revisions"}],"predecessor-version":[{"id":62004,"href":"https:\/\/www.lauaxeta.eus\/es\/wp-json\/wp\/v2\/posts\/61999\/revisions\/62004"}],"wp:featuredmedia":[{"embeddable":true,"href":"https:\/\/www.lauaxeta.eus\/es\/wp-json\/wp\/v2\/media\/62000"}],"wp:attachment":[{"href":"https:\/\/www.lauaxeta.eus\/es\/wp-json\/wp\/v2\/media?parent=61999"}],"wp:term":[{"taxonomy":"category","embeddable":true,"href":"https:\/\/www.lauaxeta.eus\/es\/wp-json\/wp\/v2\/categories?post=61999"},{"taxonomy":"post_tag","embeddable":true,"href":"https:\/\/www.lauaxeta.eus\/es\/wp-json\/wp\/v2\/tags?post=61999"}],"curies":[{"name":"wp","href":"https:\/\/api.w.org\/{rel}","templated":true}]}}