{"id":62059,"date":"2026-01-19T18:35:31","date_gmt":"2026-01-19T16:35:31","guid":{"rendered":"https:\/\/www.lauaxeta.eus\/?p=62059"},"modified":"2026-01-19T18:42:28","modified_gmt":"2026-01-19T16:42:28","slug":"las-voces-del-alumnado-de-1o-y-2o-de-primaria-llegan-al-teatro","status":"publish","type":"post","link":"https:\/\/www.lauaxeta.eus\/es\/las-voces-del-alumnado-de-1o-y-2o-de-primaria-llegan-al-teatro\/","title":{"rendered":"Las voces del alumnado de 1\u00ba y 2\u00ba de Primaria llegan al teatro"},"content":{"rendered":"<p>\ud83c\udfad\ud83c\udf31Algunos alumnos y alumnas de <strong data-start=\"144\" data-end=\"167\">1\u00ba y 2\u00ba de Primaria<\/strong> han vivido una experiencia muy especial: <strong data-start=\"209\" data-end=\"269\">sus voces forman parte de una obra de teatro profesional<\/strong>. La compa\u00f1\u00eda Marie de Jongh nos propuso colaborar en el espect\u00e1culo <strong data-start=\"361\" data-end=\"371\">\u201cKimu\u201d<\/strong>, una obra infantil que une <strong data-start=\"399\" data-end=\"427\">naturaleza e imaginaci\u00f3n<\/strong> desde el realismo m\u00e1gico.<\/p>\n<p data-start=\"455\" data-end=\"735\">A trav\u00e9s de un <strong data-start=\"470\" data-end=\"492\">ejercicio creativo<\/strong>, el alumnado imagin\u00f3 c\u00f3mo ser\u00eda un bosque ideal y expres\u00f3 sus ideas en grabaciones de audio, en euskera y castellano. Estas voces se integran en la obra como <em data-start=\"651\" data-end=\"663\">voz en off<\/em>, aportando autenticidad, sensibilidad y creatividad al espect\u00e1culo \u2728\ud83c\udf33.<\/p>\n<p data-start=\"737\" data-end=\"854\">La obra podr\u00e1 verse <strong data-start=\"757\" data-end=\"785\">el 31 de enero en Bilbao<\/strong>.<br data-start=\"786\" data-end=\"789\" \/>M\u00e1s informaci\u00f3n: \ud83d\udc49 <a href=\"https:\/\/mariedejongh.com\/eu\/la-casa-de-todos\/\" target=\"_blank\" rel=\"noopener\" data-start=\"809\" data-end=\"854\">https:\/\/mariedejongh.com\/eu\/la-casa-de-todos\/<\/a><\/p>\n","protected":false},"excerpt":{"rendered":"<p>\ud83c\udfad\ud83c\udf31Algunos alumnos y alumnas de 1\u00ba y 2\u00ba de Primaria han vivido una experiencia muy especial: sus voces forman parte de una obra de teatro profesional. La compa\u00f1\u00eda Marie de Jongh nos propuso colaborar en el espect\u00e1culo \u201cKimu\u201d, una obra infantil que une naturaleza e imaginaci\u00f3n desde el realismo m\u00e1gico. A trav\u00e9s de un ejercicio [&hellip;]<\/p>\n","protected":false},"author":3,"featured_media":62060,"comment_status":"closed","ping_status":"open","sticky":false,"template":"","format":"standard","meta":{"footnotes":""},"categories":[1],"tags":[458,459],"class_list":["post-62059","post","type-post","status-publish","format-standard","has-post-thumbnail","hentry","category-sin-categorizar","tag-lh-es","tag-primaria-es"],"_links":{"self":[{"href":"https:\/\/www.lauaxeta.eus\/es\/wp-json\/wp\/v2\/posts\/62059","targetHints":{"allow":["GET"]}}],"collection":[{"href":"https:\/\/www.lauaxeta.eus\/es\/wp-json\/wp\/v2\/posts"}],"about":[{"href":"https:\/\/www.lauaxeta.eus\/es\/wp-json\/wp\/v2\/types\/post"}],"author":[{"embeddable":true,"href":"https:\/\/www.lauaxeta.eus\/es\/wp-json\/wp\/v2\/users\/3"}],"replies":[{"embeddable":true,"href":"https:\/\/www.lauaxeta.eus\/es\/wp-json\/wp\/v2\/comments?post=62059"}],"version-history":[{"count":2,"href":"https:\/\/www.lauaxeta.eus\/es\/wp-json\/wp\/v2\/posts\/62059\/revisions"}],"predecessor-version":[{"id":62069,"href":"https:\/\/www.lauaxeta.eus\/es\/wp-json\/wp\/v2\/posts\/62059\/revisions\/62069"}],"wp:featuredmedia":[{"embeddable":true,"href":"https:\/\/www.lauaxeta.eus\/es\/wp-json\/wp\/v2\/media\/62060"}],"wp:attachment":[{"href":"https:\/\/www.lauaxeta.eus\/es\/wp-json\/wp\/v2\/media?parent=62059"}],"wp:term":[{"taxonomy":"category","embeddable":true,"href":"https:\/\/www.lauaxeta.eus\/es\/wp-json\/wp\/v2\/categories?post=62059"},{"taxonomy":"post_tag","embeddable":true,"href":"https:\/\/www.lauaxeta.eus\/es\/wp-json\/wp\/v2\/tags?post=62059"}],"curies":[{"name":"wp","href":"https:\/\/api.w.org\/{rel}","templated":true}]}}