{"id":62106,"date":"2026-01-22T10:28:19","date_gmt":"2026-01-22T08:28:19","guid":{"rendered":"https:\/\/www.lauaxeta.eus\/?p=62106"},"modified":"2026-01-22T10:28:19","modified_gmt":"2026-01-22T08:28:19","slug":"arte-contemporaneo-de-la-mano-de-kultur-lab","status":"publish","type":"post","link":"https:\/\/www.lauaxeta.eus\/es\/arte-contemporaneo-de-la-mano-de-kultur-lab\/","title":{"rendered":"Arte contempor\u00e1neo de la mano de Kultur Lab"},"content":{"rendered":"<p>\ud83c\udfa8En Kultur Lab contamos estos d\u00edas con <strong>dos obras de artistas contempor\u00e1neas<\/strong>, con el objetivo de <strong>acercar el arte contempor\u00e1neo al alumnado<\/strong>. Esta iniciativa se desarrolla <strong>en colaboraci\u00f3n con Artoteka<\/strong>, un innovador proyecto de mediaci\u00f3n cultural que lleva el arte contempor\u00e1neo a centros educativos de Bizkaia a trav\u00e9s de experiencias directas con las obras.<\/p>\n<p>Durante el mes de febrero, nuestro espacio acoge la <strong>serigraf\u00eda <em>Joanes<\/em> de Raisa \u00c1lava<\/strong> y la <strong>instalaci\u00f3n <em>Sersusurro<\/em> de Saioa Olmo<\/strong>. Dos propuestas que permiten al alumnado <strong>explorar qu\u00e9 es el arte de la mano de las propias artistas<\/strong>, hacerse preguntas y comenzar a mirar el mundo desde una perspectiva m\u00e1s abierta.<\/p>\n<p>El arte nos invita a <strong>pensar, cuestionar y conectar<\/strong>, y por eso ocupa un lugar tan importante dentro del \u00e1mbito educativo.<\/p>\n<p>\u2728 <strong>Os animamos a acercaros y conocer estas obras en directo y a echar un vistazo en los trabajos de quienes lo hacen posible.<\/strong><\/p>\n<ul>\n<li><strong>Artoteka (Instagram):<\/strong> <a href=\"https:\/\/www.instagram.com\/artoteka\/\">https:\/\/www.instagram.com\/artoteka\/<\/a><\/li>\n<li><strong>Raisa \u00c1lava (Instagram):<\/strong> <a href=\"https:\/\/www.instagram.com\/raisaalava\/\">https:\/\/www.instagram.com\/raisaalava\/<\/a><\/li>\n<li><strong>Saioa Olmo (Instagram):<\/strong> <a href=\"https:\/\/www.instagram.com\/saioaolmo\/\">https:\/\/www.instagram.com\/saioaolmo\/<\/a><\/li>\n<\/ul>\n","protected":false},"excerpt":{"rendered":"<p>\ud83c\udfa8En Kultur Lab contamos estos d\u00edas con dos obras de artistas contempor\u00e1neas, con el objetivo de acercar el arte contempor\u00e1neo al alumnado. Esta iniciativa se desarrolla en colaboraci\u00f3n con Artoteka, un innovador proyecto de mediaci\u00f3n cultural que lleva el arte contempor\u00e1neo a centros educativos de Bizkaia a trav\u00e9s de experiencias directas con las obras. Durante [&hellip;]<\/p>\n","protected":false},"author":3,"featured_media":62107,"comment_status":"closed","ping_status":"open","sticky":false,"template":"","format":"standard","meta":{"footnotes":""},"categories":[1],"tags":[],"class_list":["post-62106","post","type-post","status-publish","format-standard","has-post-thumbnail","hentry","category-sin-categorizar"],"_links":{"self":[{"href":"https:\/\/www.lauaxeta.eus\/es\/wp-json\/wp\/v2\/posts\/62106","targetHints":{"allow":["GET"]}}],"collection":[{"href":"https:\/\/www.lauaxeta.eus\/es\/wp-json\/wp\/v2\/posts"}],"about":[{"href":"https:\/\/www.lauaxeta.eus\/es\/wp-json\/wp\/v2\/types\/post"}],"author":[{"embeddable":true,"href":"https:\/\/www.lauaxeta.eus\/es\/wp-json\/wp\/v2\/users\/3"}],"replies":[{"embeddable":true,"href":"https:\/\/www.lauaxeta.eus\/es\/wp-json\/wp\/v2\/comments?post=62106"}],"version-history":[{"count":2,"href":"https:\/\/www.lauaxeta.eus\/es\/wp-json\/wp\/v2\/posts\/62106\/revisions"}],"predecessor-version":[{"id":62114,"href":"https:\/\/www.lauaxeta.eus\/es\/wp-json\/wp\/v2\/posts\/62106\/revisions\/62114"}],"wp:featuredmedia":[{"embeddable":true,"href":"https:\/\/www.lauaxeta.eus\/es\/wp-json\/wp\/v2\/media\/62107"}],"wp:attachment":[{"href":"https:\/\/www.lauaxeta.eus\/es\/wp-json\/wp\/v2\/media?parent=62106"}],"wp:term":[{"taxonomy":"category","embeddable":true,"href":"https:\/\/www.lauaxeta.eus\/es\/wp-json\/wp\/v2\/categories?post=62106"},{"taxonomy":"post_tag","embeddable":true,"href":"https:\/\/www.lauaxeta.eus\/es\/wp-json\/wp\/v2\/tags?post=62106"}],"curies":[{"name":"wp","href":"https:\/\/api.w.org\/{rel}","templated":true}]}}