{"id":62163,"date":"2026-01-27T13:36:47","date_gmt":"2026-01-27T11:36:47","guid":{"rendered":"https:\/\/www.lauaxeta.eus\/?p=62163"},"modified":"2026-01-27T13:37:12","modified_gmt":"2026-01-27T11:37:12","slug":"un-fin-de-semana-lleno-de-vida-en-lauaxeta","status":"publish","type":"post","link":"https:\/\/www.lauaxeta.eus\/es\/un-fin-de-semana-lleno-de-vida-en-lauaxeta\/","title":{"rendered":"Un fin de semana lleno de vida en Lauaxeta"},"content":{"rendered":"<p data-start=\"42\" data-end=\"93\"><strong data-start=\"42\" data-end=\"93\">\ud83c\udf3f\ud83c\udfb6<\/strong>Este fin de semana Lauaxeta se llen\u00f3 de familias, m\u00fasica y encuentros bonitos. Un d\u00eda para compartir, abrir nuestras puertas y seguir construyendo comunidad.<\/p>\n<p data-start=\"298\" data-end=\"603\">Por un lado, celebramos la <strong data-start=\"325\" data-end=\"356\">jornada de puertas abiertas<\/strong>, en la que tuvimos la suerte de recibir a nuevas familias interesadas en conocernos. Fue un placer ense\u00f1arles nuestro proyecto, nuestros espacios y, sobre todo, el ambiente cercano y acogedor que se respira en Lauaxeta desde el primer momento \ud83d\udc9a.<\/p>\n<p data-start=\"605\" data-end=\"857\">Adem\u00e1s, las y los m\u00e1s txikis disfrutaron a lo grande con el <strong data-start=\"665\" data-end=\"695\">espect\u00e1culo de Gora Musika<\/strong>, una propuesta llena de ritmo, alegr\u00eda y participaci\u00f3n que hizo cantar, bailar y so\u00f1ar a peques y mayores. \u00a1La m\u00fasica fue una aut\u00e9ntica protagonista del d\u00eda! \ud83c\udfa4\u2728<\/p>\n<p data-start=\"859\" data-end=\"1185\">Y como broche perfecto, celebramos <strong data-start=\"894\" data-end=\"911\">Zuhaitz Eguna<\/strong>, una jornada muy especial para conectar con la naturaleza, aprender a cuidarla y reforzar valores tan importantes como el respeto y el compromiso con nuestro entorno \ud83c\udf33. Un momento precioso para compartir en familia y dejar huella, tanto en la tierra como en los recuerdos.<\/p>\n<p data-start=\"1187\" data-end=\"1384\">En definitiva, fue un fin de semana para <strong data-start=\"1228\" data-end=\"1280\">reunirnos, compartir y disfrutar juntas y juntos.<\/strong><\/p>\n","protected":false},"excerpt":{"rendered":"<p>\ud83c\udf3f\ud83c\udfb6Este fin de semana Lauaxeta se llen\u00f3 de familias, m\u00fasica y encuentros bonitos. Un d\u00eda para compartir, abrir nuestras puertas y seguir construyendo comunidad. Por un lado, celebramos la jornada de puertas abiertas, en la que tuvimos la suerte de recibir a nuevas familias interesadas en conocernos. Fue un placer ense\u00f1arles nuestro proyecto, nuestros espacios [&hellip;]<\/p>\n","protected":false},"author":3,"featured_media":62164,"comment_status":"closed","ping_status":"open","sticky":false,"template":"","format":"standard","meta":{"footnotes":""},"categories":[220],"tags":[],"class_list":["post-62163","post","type-post","status-publish","format-standard","has-post-thumbnail","hentry","category-eventos-y-celebraciones"],"_links":{"self":[{"href":"https:\/\/www.lauaxeta.eus\/es\/wp-json\/wp\/v2\/posts\/62163","targetHints":{"allow":["GET"]}}],"collection":[{"href":"https:\/\/www.lauaxeta.eus\/es\/wp-json\/wp\/v2\/posts"}],"about":[{"href":"https:\/\/www.lauaxeta.eus\/es\/wp-json\/wp\/v2\/types\/post"}],"author":[{"embeddable":true,"href":"https:\/\/www.lauaxeta.eus\/es\/wp-json\/wp\/v2\/users\/3"}],"replies":[{"embeddable":true,"href":"https:\/\/www.lauaxeta.eus\/es\/wp-json\/wp\/v2\/comments?post=62163"}],"version-history":[{"count":2,"href":"https:\/\/www.lauaxeta.eus\/es\/wp-json\/wp\/v2\/posts\/62163\/revisions"}],"predecessor-version":[{"id":62168,"href":"https:\/\/www.lauaxeta.eus\/es\/wp-json\/wp\/v2\/posts\/62163\/revisions\/62168"}],"wp:featuredmedia":[{"embeddable":true,"href":"https:\/\/www.lauaxeta.eus\/es\/wp-json\/wp\/v2\/media\/62164"}],"wp:attachment":[{"href":"https:\/\/www.lauaxeta.eus\/es\/wp-json\/wp\/v2\/media?parent=62163"}],"wp:term":[{"taxonomy":"category","embeddable":true,"href":"https:\/\/www.lauaxeta.eus\/es\/wp-json\/wp\/v2\/categories?post=62163"},{"taxonomy":"post_tag","embeddable":true,"href":"https:\/\/www.lauaxeta.eus\/es\/wp-json\/wp\/v2\/tags?post=62163"}],"curies":[{"name":"wp","href":"https:\/\/api.w.org\/{rel}","templated":true}]}}