{"id":62174,"date":"2026-01-27T13:55:27","date_gmt":"2026-01-27T11:55:27","guid":{"rendered":"https:\/\/www.lauaxeta.eus\/?p=62174"},"modified":"2026-01-27T13:55:27","modified_gmt":"2026-01-27T11:55:27","slug":"un-reconocimiento-a-la-solidaridad-desde-las-aulas","status":"publish","type":"post","link":"https:\/\/www.lauaxeta.eus\/es\/un-reconocimiento-a-la-solidaridad-desde-las-aulas\/","title":{"rendered":"Un reconocimiento a la solidaridad desde las aulas"},"content":{"rendered":"<p data-start=\"42\" data-end=\"100\"><strong data-start=\"42\" data-end=\"100\">\u2728\ud83d\udcda\u00a0<\/strong>El alumnado de <strong data-start=\"117\" data-end=\"139\">Educaci\u00f3n Primaria<\/strong> ha recibido estos d\u00edas un bonito agradecimiento por su participaci\u00f3n en el <strong data-start=\"215\" data-end=\"270\">concurso de cuentos del Rosc\u00f3n Solidario de C\u00e1ritas<\/strong>, una iniciativa que buscaba reunir historias sobre <strong data-start=\"322\" data-end=\"362\">personas que ayudan a otras personas<\/strong>, poniendo en valor la empat\u00eda, el compromiso y la solidaridad.<\/p>\n<p data-start=\"427\" data-end=\"704\">A trav\u00e9s de sus relatos, nuestras y nuestros estudiantes han demostrado una gran sensibilidad y una mirada muy humana hacia quienes tienden la mano a los dem\u00e1s. Historias sencillas y profundas a la vez, que nos recuerdan que los peque\u00f1os gestos pueden tener un gran impacto \ud83d\udc9b.<\/p>\n<p data-start=\"706\" data-end=\"977\">Queremos destacar y felicitar especialmente a <strong data-start=\"752\" data-end=\"801\">Carolina Zabala, Ane Larrazabal y Hugo Urones<\/strong>, quienes han participado en esta propuesta solidaria con ilusi\u00f3n, creatividad y mucho coraz\u00f3n.<\/p>\n<p data-start=\"979\" data-end=\"1222\" data-is-last-node=\"\" data-is-only-node=\"\">Gracias a C\u00e1ritas por impulsar iniciativas como esta, que conectan la educaci\u00f3n con la realidad social, y enhorabuena a todo el alumnado participante por ayudarnos a construir, tambi\u00e9n a trav\u00e9s de las palabras, un mundo un poco m\u00e1s justo \ud83e\udd1d\ud83d\udcd6.<\/p>\n","protected":false},"excerpt":{"rendered":"<p>\u2728\ud83d\udcda\u00a0El alumnado de Educaci\u00f3n Primaria ha recibido estos d\u00edas un bonito agradecimiento por su participaci\u00f3n en el concurso de cuentos del Rosc\u00f3n Solidario de C\u00e1ritas, una iniciativa que buscaba reunir historias sobre personas que ayudan a otras personas, poniendo en valor la empat\u00eda, el compromiso y la solidaridad. A trav\u00e9s de sus relatos, nuestras y [&hellip;]<\/p>\n","protected":false},"author":3,"featured_media":62175,"comment_status":"closed","ping_status":"open","sticky":false,"template":"","format":"standard","meta":{"footnotes":""},"categories":[236],"tags":[458,459],"class_list":["post-62174","post","type-post","status-publish","format-standard","has-post-thumbnail","hentry","category-premios-y-reconocimientos","tag-lh-es","tag-primaria-es"],"_links":{"self":[{"href":"https:\/\/www.lauaxeta.eus\/es\/wp-json\/wp\/v2\/posts\/62174","targetHints":{"allow":["GET"]}}],"collection":[{"href":"https:\/\/www.lauaxeta.eus\/es\/wp-json\/wp\/v2\/posts"}],"about":[{"href":"https:\/\/www.lauaxeta.eus\/es\/wp-json\/wp\/v2\/types\/post"}],"author":[{"embeddable":true,"href":"https:\/\/www.lauaxeta.eus\/es\/wp-json\/wp\/v2\/users\/3"}],"replies":[{"embeddable":true,"href":"https:\/\/www.lauaxeta.eus\/es\/wp-json\/wp\/v2\/comments?post=62174"}],"version-history":[{"count":2,"href":"https:\/\/www.lauaxeta.eus\/es\/wp-json\/wp\/v2\/posts\/62174\/revisions"}],"predecessor-version":[{"id":62179,"href":"https:\/\/www.lauaxeta.eus\/es\/wp-json\/wp\/v2\/posts\/62174\/revisions\/62179"}],"wp:featuredmedia":[{"embeddable":true,"href":"https:\/\/www.lauaxeta.eus\/es\/wp-json\/wp\/v2\/media\/62175"}],"wp:attachment":[{"href":"https:\/\/www.lauaxeta.eus\/es\/wp-json\/wp\/v2\/media?parent=62174"}],"wp:term":[{"taxonomy":"category","embeddable":true,"href":"https:\/\/www.lauaxeta.eus\/es\/wp-json\/wp\/v2\/categories?post=62174"},{"taxonomy":"post_tag","embeddable":true,"href":"https:\/\/www.lauaxeta.eus\/es\/wp-json\/wp\/v2\/tags?post=62174"}],"curies":[{"name":"wp","href":"https:\/\/api.w.org\/{rel}","templated":true}]}}