{"id":62864,"date":"2026-02-19T10:42:37","date_gmt":"2026-02-19T08:42:37","guid":{"rendered":"https:\/\/www.lauaxeta.eus\/?p=62864"},"modified":"2026-02-19T10:42:37","modified_gmt":"2026-02-19T08:42:37","slug":"crecer-como-equipo-para-educar-mejor","status":"publish","type":"post","link":"https:\/\/www.lauaxeta.eus\/es\/crecer-como-equipo-para-educar-mejor\/","title":{"rendered":"Crecer como equipo para educar mejor"},"content":{"rendered":"<p>\ud83c\udf3f\u00a0Ayer, el profesorado dedic\u00f3 la jornada a profundizar en la <strong>formaci\u00f3n TEAL<\/strong>, de la mano de Kultiba, con el objetivo de seguir evolucionando como equipo y como organizaci\u00f3n educativa.<\/p>\n<p>La formaci\u00f3n TEAL nos invita a repensar c\u00f3mo trabajamos juntos, poniendo el foco en tres pilares fundamentales: la <strong>autogesti\u00f3n<\/strong>, la <strong>confianza y plenitud personal<\/strong> y el <strong>prop\u00f3sito compartido<\/strong>. Supone avanzar hacia equipos m\u00e1s cohesionados, con mayor corresponsabilidad en la toma de decisiones y una comunicaci\u00f3n m\u00e1s consciente y honesta.<\/p>\n<p>\u00bfPor qu\u00e9 es importante?<br \/>\nPorque la calidad educativa no depende solo de lo que ocurre en el aula, sino tambi\u00e9n de c\u00f3mo funciona el equipo docente. Cuando el profesorado trabaja desde la confianza, el prop\u00f3sito com\u00fan y la coherencia interna, el impacto en el alumnado es mucho m\u00e1s profundo y significativo.<\/p>\n<p>Seguir form\u00e1ndonos es una manera de cuidar nuestro proyecto educativo y de garantizar que evolucionamos al ritmo de los retos actuales \ud83c\udf31\u2728<\/p>\n","protected":false},"excerpt":{"rendered":"<p>\ud83c\udf3f\u00a0Ayer, el profesorado dedic\u00f3 la jornada a profundizar en la formaci\u00f3n TEAL, de la mano de Kultiba, con el objetivo de seguir evolucionando como equipo y como organizaci\u00f3n educativa. La formaci\u00f3n TEAL nos invita a repensar c\u00f3mo trabajamos juntos, poniendo el foco en tres pilares fundamentales: la autogesti\u00f3n, la confianza y plenitud personal y el [&hellip;]<\/p>\n","protected":false},"author":3,"featured_media":62865,"comment_status":"closed","ping_status":"open","sticky":false,"template":"","format":"standard","meta":{"footnotes":""},"categories":[1],"tags":[],"class_list":["post-62864","post","type-post","status-publish","format-standard","has-post-thumbnail","hentry","category-sin-categorizar"],"_links":{"self":[{"href":"https:\/\/www.lauaxeta.eus\/es\/wp-json\/wp\/v2\/posts\/62864","targetHints":{"allow":["GET"]}}],"collection":[{"href":"https:\/\/www.lauaxeta.eus\/es\/wp-json\/wp\/v2\/posts"}],"about":[{"href":"https:\/\/www.lauaxeta.eus\/es\/wp-json\/wp\/v2\/types\/post"}],"author":[{"embeddable":true,"href":"https:\/\/www.lauaxeta.eus\/es\/wp-json\/wp\/v2\/users\/3"}],"replies":[{"embeddable":true,"href":"https:\/\/www.lauaxeta.eus\/es\/wp-json\/wp\/v2\/comments?post=62864"}],"version-history":[{"count":1,"href":"https:\/\/www.lauaxeta.eus\/es\/wp-json\/wp\/v2\/posts\/62864\/revisions"}],"predecessor-version":[{"id":62868,"href":"https:\/\/www.lauaxeta.eus\/es\/wp-json\/wp\/v2\/posts\/62864\/revisions\/62868"}],"wp:featuredmedia":[{"embeddable":true,"href":"https:\/\/www.lauaxeta.eus\/es\/wp-json\/wp\/v2\/media\/62865"}],"wp:attachment":[{"href":"https:\/\/www.lauaxeta.eus\/es\/wp-json\/wp\/v2\/media?parent=62864"}],"wp:term":[{"taxonomy":"category","embeddable":true,"href":"https:\/\/www.lauaxeta.eus\/es\/wp-json\/wp\/v2\/categories?post=62864"},{"taxonomy":"post_tag","embeddable":true,"href":"https:\/\/www.lauaxeta.eus\/es\/wp-json\/wp\/v2\/tags?post=62864"}],"curies":[{"name":"wp","href":"https:\/\/api.w.org\/{rel}","templated":true}]}}