{"id":63280,"date":"2026-03-09T11:38:54","date_gmt":"2026-03-09T09:38:54","guid":{"rendered":"https:\/\/www.lauaxeta.eus\/?p=63280"},"modified":"2026-03-09T15:51:11","modified_gmt":"2026-03-09T13:51:11","slug":"un-dia-para-sonar-con-la-ciencia-en-lauaxeta","status":"publish","type":"post","link":"https:\/\/www.lauaxeta.eus\/es\/un-dia-para-sonar-con-la-ciencia-en-lauaxeta\/","title":{"rendered":"Un d\u00eda para so\u00f1ar con la ciencia en Lauaxeta"},"content":{"rendered":"<p>\ud83d\udd2c\u00a0El pasado viernes celebramos en <strong>Lauaxeta Ikastola<\/strong> el <strong>D\u00eda STEM<\/strong>, una jornada llena de ciencia, tecnolog\u00eda, creatividad y aprendizaje compartido entre estudiantes de diferentes edades.<\/p>\n<p>A lo largo del d\u00eda, el centro se convirti\u00f3 en un espacio de exploraci\u00f3n y descubrimiento con <strong>experimentos cient\u00edficos, retos tecnol\u00f3gicos, una feria STEM, teatro, charlas y presentaciones de proyectos<\/strong>. Muchos de estos proyectos fueron presentados por el propio alumnado a estudiantes de otros cursos, generando un aprendizaje muy enriquecedor basado en <strong>compartir conocimientos, explicar procesos y despertar la curiosidad de otros compa\u00f1eros y compa\u00f1eras<\/strong>.<\/p>\n<p>La jornada cont\u00f3 tambi\u00e9n con la participaci\u00f3n de <strong>profesionales externos<\/strong>, que acercaron el mundo de la ciencia y la creatividad a nuestro alumnado. Entre ellos, Antonio, de Divermates, que mostr\u00f3 c\u00f3mo las matem\u00e1ticas pueden convertirse en una experiencia divertida y sorprendente, e Imanol Itu\u00f1o, que a trav\u00e9s de la magia ayud\u00f3 a reflexionar sobre la curiosidad, la observaci\u00f3n y el pensamiento cient\u00edfico o la ingeniera qu\u00edmica Lupe Gotiandia.<\/p>\n<p>Adem\u00e1s, el alumnado pudo disfrutar de la obra teatral de Piztu, que aport\u00f3 una mirada creativa y diferente al aprendizaje, demostrando que la ciencia y la imaginaci\u00f3n pueden ir de la mano.<\/p>\n<p>El D\u00eda STEM en Lauaxeta es una oportunidad para <strong>experimentar, investigar, preguntar y aprender juntos<\/strong>, conectando lo que ocurre en las aulas con el mundo real y fomentando vocaciones cient\u00edficas y tecnol\u00f3gicas desde edades tempranas.<\/p>\n<p>Sin duda, fue una jornada llena de ideas, descubrimientos y colaboraci\u00f3n, donde qued\u00f3 claro que <strong>cuando el conocimiento se comparte, el aprendizaje se multiplica<\/strong>.<\/p>\n","protected":false},"excerpt":{"rendered":"<p>\ud83d\udd2c\u00a0El pasado viernes celebramos en Lauaxeta Ikastola el D\u00eda STEM, una jornada llena de ciencia, tecnolog\u00eda, creatividad y aprendizaje compartido entre estudiantes de diferentes edades. A lo largo del d\u00eda, el centro se convirti\u00f3 en un espacio de exploraci\u00f3n y descubrimiento con experimentos cient\u00edficos, retos tecnol\u00f3gicos, una feria STEM, teatro, charlas y presentaciones de proyectos. [&hellip;]<\/p>\n","protected":false},"author":3,"featured_media":63281,"comment_status":"closed","ping_status":"open","sticky":false,"template":"","format":"standard","meta":{"footnotes":""},"categories":[302],"tags":[371,370,454,455,408,434,458,459],"class_list":["post-63280","post","type-post","status-publish","format-standard","has-post-thumbnail","hentry","category-alianzas","tag-bachillerato","tag-batxilergoa-es","tag-dbh-es","tag-eso-es","tag-hh-es","tag-infantil","tag-lh-es","tag-primaria-es"],"_links":{"self":[{"href":"https:\/\/www.lauaxeta.eus\/es\/wp-json\/wp\/v2\/posts\/63280","targetHints":{"allow":["GET"]}}],"collection":[{"href":"https:\/\/www.lauaxeta.eus\/es\/wp-json\/wp\/v2\/posts"}],"about":[{"href":"https:\/\/www.lauaxeta.eus\/es\/wp-json\/wp\/v2\/types\/post"}],"author":[{"embeddable":true,"href":"https:\/\/www.lauaxeta.eus\/es\/wp-json\/wp\/v2\/users\/3"}],"replies":[{"embeddable":true,"href":"https:\/\/www.lauaxeta.eus\/es\/wp-json\/wp\/v2\/comments?post=63280"}],"version-history":[{"count":5,"href":"https:\/\/www.lauaxeta.eus\/es\/wp-json\/wp\/v2\/posts\/63280\/revisions"}],"predecessor-version":[{"id":63314,"href":"https:\/\/www.lauaxeta.eus\/es\/wp-json\/wp\/v2\/posts\/63280\/revisions\/63314"}],"wp:featuredmedia":[{"embeddable":true,"href":"https:\/\/www.lauaxeta.eus\/es\/wp-json\/wp\/v2\/media\/63281"}],"wp:attachment":[{"href":"https:\/\/www.lauaxeta.eus\/es\/wp-json\/wp\/v2\/media?parent=63280"}],"wp:term":[{"taxonomy":"category","embeddable":true,"href":"https:\/\/www.lauaxeta.eus\/es\/wp-json\/wp\/v2\/categories?post=63280"},{"taxonomy":"post_tag","embeddable":true,"href":"https:\/\/www.lauaxeta.eus\/es\/wp-json\/wp\/v2\/tags?post=63280"}],"curies":[{"name":"wp","href":"https:\/\/api.w.org\/{rel}","templated":true}]}}