{"id":63294,"date":"2026-03-09T11:53:39","date_gmt":"2026-03-09T09:53:39","guid":{"rendered":"https:\/\/www.lauaxeta.eus\/?p=63294"},"modified":"2026-03-09T11:53:39","modified_gmt":"2026-03-09T09:53:39","slug":"un-dia-para-reconocer-reflexionar-y-avanzar-dia-internacional-de-la-mujer","status":"publish","type":"post","link":"https:\/\/www.lauaxeta.eus\/es\/un-dia-para-reconocer-reflexionar-y-avanzar-dia-internacional-de-la-mujer\/","title":{"rendered":"Un d\u00eda para reconocer, reflexionar y avanzar: D\u00eda Internacional de la Mujer"},"content":{"rendered":"<p>\ud83d\udc9c <strong>Este domingo hemos conmemorado el D\u00eda Internacional de la Mujer, una jornada para reconocer el papel de las mujeres en nuestra sociedad y seguir avanzando hacia una igualdad real.<\/strong><br \/>\nEn Lauaxeta Ikastola, m\u00e1s all\u00e1 de las diferentes actividades realizadas en el aula con estudiantes de todas las edades, tambi\u00e9n quisimos estar presentes en la comunidad. Por ello, ayer Lauaxeta particip\u00f3 en el acto organizado por el Ayuntamiento de Amorebieta-Etxano, un encuentro que reuni\u00f3 a vecinas y vecinos para reflexionar conjuntamente sobre el camino recorrido y los retos que a\u00fan tenemos por delante.<br \/>\nEn este acto tuvieron un protagonismo especial las y los estudiantes, as\u00ed como las profesoras de Lauaxeta que son de Amorebieta-Etxano, quienes representaron el compromiso de la comunidad educativa con la igualdad, la educaci\u00f3n en valores y la construcci\u00f3n de una sociedad m\u00e1s justa.<br \/>\nAdem\u00e1s, el alumnado de Bachillerato visit\u00f3 la residencia Orue, donde trabaj\u00f3 este tema junto a las y los residentes del centro. Este encuentro intergeneracional permiti\u00f3 compartir experiencias, reflexionar sobre la evoluci\u00f3n del papel de la mujer a lo largo del tiempo y escuchar vivencias que ayudan a comprender mejor los avances logrados y los retos que a\u00fan quedan por afrontar.<br \/>\nPorque la educaci\u00f3n es una herramienta fundamental para promover el respeto, la igualdad de oportunidades y la conciencia social, y d\u00edas como este nos recuerdan la importancia de seguir trabajando juntos y juntas para construir un futuro mejor. \ud83d\udc9c<\/p>\n","protected":false},"excerpt":{"rendered":"<p>\ud83d\udc9c Este domingo hemos conmemorado el D\u00eda Internacional de la Mujer, una jornada para reconocer el papel de las mujeres en nuestra sociedad y seguir avanzando hacia una igualdad real. En Lauaxeta Ikastola, m\u00e1s all\u00e1 de las diferentes actividades realizadas en el aula con estudiantes de todas las edades, tambi\u00e9n quisimos estar presentes en la [&hellip;]<\/p>\n","protected":false},"author":3,"featured_media":63295,"comment_status":"closed","ping_status":"open","sticky":false,"template":"","format":"standard","meta":{"footnotes":""},"categories":[1],"tags":[],"class_list":["post-63294","post","type-post","status-publish","format-standard","has-post-thumbnail","hentry","category-sin-categorizar"],"_links":{"self":[{"href":"https:\/\/www.lauaxeta.eus\/es\/wp-json\/wp\/v2\/posts\/63294","targetHints":{"allow":["GET"]}}],"collection":[{"href":"https:\/\/www.lauaxeta.eus\/es\/wp-json\/wp\/v2\/posts"}],"about":[{"href":"https:\/\/www.lauaxeta.eus\/es\/wp-json\/wp\/v2\/types\/post"}],"author":[{"embeddable":true,"href":"https:\/\/www.lauaxeta.eus\/es\/wp-json\/wp\/v2\/users\/3"}],"replies":[{"embeddable":true,"href":"https:\/\/www.lauaxeta.eus\/es\/wp-json\/wp\/v2\/comments?post=63294"}],"version-history":[{"count":2,"href":"https:\/\/www.lauaxeta.eus\/es\/wp-json\/wp\/v2\/posts\/63294\/revisions"}],"predecessor-version":[{"id":63299,"href":"https:\/\/www.lauaxeta.eus\/es\/wp-json\/wp\/v2\/posts\/63294\/revisions\/63299"}],"wp:featuredmedia":[{"embeddable":true,"href":"https:\/\/www.lauaxeta.eus\/es\/wp-json\/wp\/v2\/media\/63295"}],"wp:attachment":[{"href":"https:\/\/www.lauaxeta.eus\/es\/wp-json\/wp\/v2\/media?parent=63294"}],"wp:term":[{"taxonomy":"category","embeddable":true,"href":"https:\/\/www.lauaxeta.eus\/es\/wp-json\/wp\/v2\/categories?post=63294"},{"taxonomy":"post_tag","embeddable":true,"href":"https:\/\/www.lauaxeta.eus\/es\/wp-json\/wp\/v2\/tags?post=63294"}],"curies":[{"name":"wp","href":"https:\/\/api.w.org\/{rel}","templated":true}]}}