{"id":63335,"date":"2026-03-10T11:27:42","date_gmt":"2026-03-10T09:27:42","guid":{"rendered":"https:\/\/www.lauaxeta.eus\/?p=63335"},"modified":"2026-03-10T11:27:42","modified_gmt":"2026-03-10T09:27:42","slug":"compartiendo-experiencias-para-mejorar-la-educacion","status":"publish","type":"post","link":"https:\/\/www.lauaxeta.eus\/es\/compartiendo-experiencias-para-mejorar-la-educacion\/","title":{"rendered":"Compartiendo experiencias para mejorar la educaci\u00f3n"},"content":{"rendered":"<p>\ud83c\udf0dEsta semana hemos tenido la oportunidad de participar en el <strong>Congreso Internacional de Evaluaci\u00f3n Educativa celebrado en Bilbao<\/strong>, un encuentro que ha reunido a m\u00e1s de mil profesionales del \u00e1mbito educativo con el objetivo de reflexionar y avanzar en la mejora del aprendizaje del alumnado.<\/p>\n<p>Durante el congreso, organizado por el Departamento de Educaci\u00f3n del Gobierno Vasco, se han compartido investigaciones, experiencias de centros educativos y perspectivas de pol\u00edtica educativa, poniendo la evaluaci\u00f3n al servicio de una educaci\u00f3n de mayor calidad, equidad y excelencia.<\/p>\n<p>Para nosotros ha sido una gran oportunidad <strong>presentar nuestra experiencia, aprender de otras organizaciones y escuchar a referentes internacionales del \u00e1mbito educativo<\/strong>. Espacios como este permiten crear conexiones, intercambiar buenas pr\u00e1cticas y seguir construyendo, entre todos, una educaci\u00f3n cada vez m\u00e1s abierta, innovadora y basada en la evidencia.<\/p>\n<p>Pod\u00e9is conocer m\u00e1s sobre el congreso en este enlace:<br \/>\n<a href=\"https:\/\/www.irekia.euskadi.eus\/es\/news\/106404\">https:\/\/www.irekia.euskadi.eus\/es\/news\/106404<\/a><\/p>\n","protected":false},"excerpt":{"rendered":"<p>\ud83c\udf0dEsta semana hemos tenido la oportunidad de participar en el Congreso Internacional de Evaluaci\u00f3n Educativa celebrado en Bilbao, un encuentro que ha reunido a m\u00e1s de mil profesionales del \u00e1mbito educativo con el objetivo de reflexionar y avanzar en la mejora del aprendizaje del alumnado. Durante el congreso, organizado por el Departamento de Educaci\u00f3n del [&hellip;]<\/p>\n","protected":false},"author":3,"featured_media":63336,"comment_status":"closed","ping_status":"open","sticky":false,"template":"","format":"standard","meta":{"footnotes":""},"categories":[225,229],"tags":[],"class_list":["post-63335","post","type-post","status-publish","format-standard","has-post-thumbnail","hentry","category-conferencias-e-intervenciones","category-gestion"],"_links":{"self":[{"href":"https:\/\/www.lauaxeta.eus\/es\/wp-json\/wp\/v2\/posts\/63335","targetHints":{"allow":["GET"]}}],"collection":[{"href":"https:\/\/www.lauaxeta.eus\/es\/wp-json\/wp\/v2\/posts"}],"about":[{"href":"https:\/\/www.lauaxeta.eus\/es\/wp-json\/wp\/v2\/types\/post"}],"author":[{"embeddable":true,"href":"https:\/\/www.lauaxeta.eus\/es\/wp-json\/wp\/v2\/users\/3"}],"replies":[{"embeddable":true,"href":"https:\/\/www.lauaxeta.eus\/es\/wp-json\/wp\/v2\/comments?post=63335"}],"version-history":[{"count":1,"href":"https:\/\/www.lauaxeta.eus\/es\/wp-json\/wp\/v2\/posts\/63335\/revisions"}],"predecessor-version":[{"id":63339,"href":"https:\/\/www.lauaxeta.eus\/es\/wp-json\/wp\/v2\/posts\/63335\/revisions\/63339"}],"wp:featuredmedia":[{"embeddable":true,"href":"https:\/\/www.lauaxeta.eus\/es\/wp-json\/wp\/v2\/media\/63336"}],"wp:attachment":[{"href":"https:\/\/www.lauaxeta.eus\/es\/wp-json\/wp\/v2\/media?parent=63335"}],"wp:term":[{"taxonomy":"category","embeddable":true,"href":"https:\/\/www.lauaxeta.eus\/es\/wp-json\/wp\/v2\/categories?post=63335"},{"taxonomy":"post_tag","embeddable":true,"href":"https:\/\/www.lauaxeta.eus\/es\/wp-json\/wp\/v2\/tags?post=63335"}],"curies":[{"name":"wp","href":"https:\/\/api.w.org\/{rel}","templated":true}]}}