{"id":63407,"date":"2026-03-16T10:36:27","date_gmt":"2026-03-16T08:36:27","guid":{"rendered":"https:\/\/www.lauaxeta.eus\/?p=63407"},"modified":"2026-03-16T10:36:27","modified_gmt":"2026-03-16T08:36:27","slug":"un-paso-hacia-el-futuro-jornada-de-puertas-abiertas-en-bachillerato","status":"publish","type":"post","link":"https:\/\/www.lauaxeta.eus\/es\/un-paso-hacia-el-futuro-jornada-de-puertas-abiertas-en-bachillerato\/","title":{"rendered":"Un paso hacia el futuro: jornada de puertas abiertas en Bachillerato"},"content":{"rendered":"<p><strong>\ud83d\udeaa\u00a0Este fin de semana hemos celebrado en Lauaxeta Ikastola nuestra jornada de puertas abiertas de Bachillerato. Aunque el tiempo lluvioso no acompa\u00f1\u00f3 demasiado, esperamos que las familias que nos visitasteis os llevarais algo mucho m\u00e1s importante estos d\u00edas: mayor claridad para tomar la mejor decisi\u00f3n. \ud83e\udd0d<\/strong><\/p>\n<p data-start=\"377\" data-end=\"738\">Nuestro objetivo en estos encuentros es acompa\u00f1aros, escuchar vuestras inquietudes y ayudaros a resolver dudas para que pod\u00e1is <strong data-start=\"504\" data-end=\"583\">tomar la mejor decisi\u00f3n sobre el futuro acad\u00e9mico de vuestras hijas e hijos<\/strong>. Elegir el camino de Bachillerato es un paso importante y queremos que las familias lo afront\u00e9is con toda la informaci\u00f3n y el acompa\u00f1amiento que merec\u00e9is.<\/p>\n<p data-start=\"740\" data-end=\"923\">Adem\u00e1s, queremos recordaros que <strong data-start=\"772\" data-end=\"887\">desde hoy y durante las pr\u00f3ximas dos semanas est\u00e1 abierto el periodo oficial de matriculaci\u00f3n para Bachillerato<\/strong>, establecido por el Gobierno Vasco.<\/p>\n<p data-start=\"925\" data-end=\"1114\">Si quer\u00e9is conocer <strong data-start=\"944\" data-end=\"1005\">la normativa, el calendario y otros documentos de inter\u00e9s<\/strong>, pod\u00e9is consultarlos en el siguiente enlace:<br data-start=\"1050\" data-end=\"1053\" \/>\ud83d\udc49 <a href=\"https:\/\/www.lauaxeta.eus\/es\/matrikulazioak-batxilergorako\/\" data-start=\"1056\" data-end=\"1114\">https:\/\/www.lauaxeta.eus\/es\/matrikulazioak-batxilergorako\/<\/a><\/p>\n<p>Gracias a todas las familias que os acercasteis a conocernos.<\/p>\n","protected":false},"excerpt":{"rendered":"<p>\ud83d\udeaa\u00a0Este fin de semana hemos celebrado en Lauaxeta Ikastola nuestra jornada de puertas abiertas de Bachillerato. Aunque el tiempo lluvioso no acompa\u00f1\u00f3 demasiado, esperamos que las familias que nos visitasteis os llevarais algo mucho m\u00e1s importante estos d\u00edas: mayor claridad para tomar la mejor decisi\u00f3n. \ud83e\udd0d Nuestro objetivo en estos encuentros es acompa\u00f1aros, escuchar vuestras [&hellip;]<\/p>\n","protected":false},"author":3,"featured_media":63408,"comment_status":"closed","ping_status":"open","sticky":false,"template":"","format":"standard","meta":{"footnotes":""},"categories":[1],"tags":[371,370],"class_list":["post-63407","post","type-post","status-publish","format-standard","has-post-thumbnail","hentry","category-sin-categorizar","tag-bachillerato","tag-batxilergoa-es"],"_links":{"self":[{"href":"https:\/\/www.lauaxeta.eus\/es\/wp-json\/wp\/v2\/posts\/63407","targetHints":{"allow":["GET"]}}],"collection":[{"href":"https:\/\/www.lauaxeta.eus\/es\/wp-json\/wp\/v2\/posts"}],"about":[{"href":"https:\/\/www.lauaxeta.eus\/es\/wp-json\/wp\/v2\/types\/post"}],"author":[{"embeddable":true,"href":"https:\/\/www.lauaxeta.eus\/es\/wp-json\/wp\/v2\/users\/3"}],"replies":[{"embeddable":true,"href":"https:\/\/www.lauaxeta.eus\/es\/wp-json\/wp\/v2\/comments?post=63407"}],"version-history":[{"count":1,"href":"https:\/\/www.lauaxeta.eus\/es\/wp-json\/wp\/v2\/posts\/63407\/revisions"}],"predecessor-version":[{"id":63411,"href":"https:\/\/www.lauaxeta.eus\/es\/wp-json\/wp\/v2\/posts\/63407\/revisions\/63411"}],"wp:featuredmedia":[{"embeddable":true,"href":"https:\/\/www.lauaxeta.eus\/es\/wp-json\/wp\/v2\/media\/63408"}],"wp:attachment":[{"href":"https:\/\/www.lauaxeta.eus\/es\/wp-json\/wp\/v2\/media?parent=63407"}],"wp:term":[{"taxonomy":"category","embeddable":true,"href":"https:\/\/www.lauaxeta.eus\/es\/wp-json\/wp\/v2\/categories?post=63407"},{"taxonomy":"post_tag","embeddable":true,"href":"https:\/\/www.lauaxeta.eus\/es\/wp-json\/wp\/v2\/tags?post=63407"}],"curies":[{"name":"wp","href":"https:\/\/api.w.org\/{rel}","templated":true}]}}