{"id":63416,"date":"2026-03-16T11:23:28","date_gmt":"2026-03-16T09:23:28","guid":{"rendered":"https:\/\/www.lauaxeta.eus\/?p=63416"},"modified":"2026-03-16T11:23:28","modified_gmt":"2026-03-16T09:23:28","slug":"cuando-la-radio-conecta-generaciones","status":"publish","type":"post","link":"https:\/\/www.lauaxeta.eus\/es\/cuando-la-radio-conecta-generaciones\/","title":{"rendered":"Cuando la radio conecta generaciones"},"content":{"rendered":"<p>\ud83c\udf99\ufe0f\u00a0En <strong>Lauhaixetara Irratia<\/strong>, la radio de Lauaxeta Ikastola, hemos vivido un momento muy especial. Con motivo de la <strong>conmemoraci\u00f3n del D\u00eda de la Radio<\/strong>, hemos querido dar continuidad al proyecto de <strong>interacci\u00f3n entre estudiantes de Lauaxeta y las personas residentes en la residencia Orue Igurco IMQ<\/strong>, un encuentro que vuelve a demostrar el valor de aprender juntos.<\/p>\n<p>En esta ocasi\u00f3n, los protagonistas han sido las y los <strong>residentes de Orue<\/strong>, que han acudido a Lauaxeta para participar en una entrevista realizada por nuestro alumnado. Durante el programa, han compartido recuerdos, experiencias y reflexiones, mientras las y los estudiantes ejerc\u00edan de periodistas, preparando preguntas, conduciendo la conversaci\u00f3n y aprendiendo a escuchar con atenci\u00f3n.<\/p>\n<p>La radio se ha convertido as\u00ed en un espacio de encuentro donde <strong>las historias, la memoria y la curiosidad de distintas generaciones se encuentran<\/strong>. Una experiencia enriquecedora para todos, que permite al alumnado desarrollar habilidades de comunicaci\u00f3n, empat\u00eda y escucha activa, al tiempo que fortalece los v\u00ednculos con nuestro entorno.<\/p>\n<p>Este tipo de iniciativas reflejan la importancia de abrir la escuela a la comunidad y de <strong>generar espacios donde el aprendizaje se construye a trav\u00e9s de las relaciones humanas<\/strong>. Porque cuando diferentes generaciones dialogan, todos aprendemos algo nuevo.<\/p>\n<p>Desde Lauaxeta Ikastola queremos agradecer a las personas residentes de <strong>Orue Igurco IMQ<\/strong> su participaci\u00f3n y su generosidad al compartir sus vivencias con nuestro alumnado.<\/p>\n<p>\ud83c\udfa7 Una conversaci\u00f3n que nos recuerda que la radio sigue siendo, hoy m\u00e1s que nunca, <strong>una herramienta poderosa para conectar personas, historias y aprendizajes<\/strong>.<\/p>\n","protected":false},"excerpt":{"rendered":"<p>\ud83c\udf99\ufe0f\u00a0En Lauhaixetara Irratia, la radio de Lauaxeta Ikastola, hemos vivido un momento muy especial. Con motivo de la conmemoraci\u00f3n del D\u00eda de la Radio, hemos querido dar continuidad al proyecto de interacci\u00f3n entre estudiantes de Lauaxeta y las personas residentes en la residencia Orue Igurco IMQ, un encuentro que vuelve a demostrar el valor de [&hellip;]<\/p>\n","protected":false},"author":3,"featured_media":63417,"comment_status":"closed","ping_status":"open","sticky":false,"template":"","format":"standard","meta":{"footnotes":""},"categories":[302,223],"tags":[],"class_list":["post-63416","post","type-post","status-publish","format-standard","has-post-thumbnail","hentry","category-alianzas","category-ods-y-agenda-2030"],"_links":{"self":[{"href":"https:\/\/www.lauaxeta.eus\/es\/wp-json\/wp\/v2\/posts\/63416","targetHints":{"allow":["GET"]}}],"collection":[{"href":"https:\/\/www.lauaxeta.eus\/es\/wp-json\/wp\/v2\/posts"}],"about":[{"href":"https:\/\/www.lauaxeta.eus\/es\/wp-json\/wp\/v2\/types\/post"}],"author":[{"embeddable":true,"href":"https:\/\/www.lauaxeta.eus\/es\/wp-json\/wp\/v2\/users\/3"}],"replies":[{"embeddable":true,"href":"https:\/\/www.lauaxeta.eus\/es\/wp-json\/wp\/v2\/comments?post=63416"}],"version-history":[{"count":2,"href":"https:\/\/www.lauaxeta.eus\/es\/wp-json\/wp\/v2\/posts\/63416\/revisions"}],"predecessor-version":[{"id":63421,"href":"https:\/\/www.lauaxeta.eus\/es\/wp-json\/wp\/v2\/posts\/63416\/revisions\/63421"}],"wp:featuredmedia":[{"embeddable":true,"href":"https:\/\/www.lauaxeta.eus\/es\/wp-json\/wp\/v2\/media\/63417"}],"wp:attachment":[{"href":"https:\/\/www.lauaxeta.eus\/es\/wp-json\/wp\/v2\/media?parent=63416"}],"wp:term":[{"taxonomy":"category","embeddable":true,"href":"https:\/\/www.lauaxeta.eus\/es\/wp-json\/wp\/v2\/categories?post=63416"},{"taxonomy":"post_tag","embeddable":true,"href":"https:\/\/www.lauaxeta.eus\/es\/wp-json\/wp\/v2\/tags?post=63416"}],"curies":[{"name":"wp","href":"https:\/\/api.w.org\/{rel}","templated":true}]}}