{"id":63907,"date":"2026-04-24T09:25:03","date_gmt":"2026-04-24T07:25:03","guid":{"rendered":"https:\/\/www.lauaxeta.eus\/?p=63907"},"modified":"2026-04-24T09:25:03","modified_gmt":"2026-04-24T07:25:03","slug":"aprender-a-entender-el-mundo-clima-ciencia-y-comunicacion-en-1o-de-eso","status":"publish","type":"post","link":"https:\/\/www.lauaxeta.eus\/es\/aprender-a-entender-el-mundo-clima-ciencia-y-comunicacion-en-1o-de-eso\/","title":{"rendered":"Aprender a entender el mundo: clima, ciencia y comunicaci\u00f3n en 1\u00ba de ESO"},"content":{"rendered":"<div class=\"relative basis-auto flex-col -mb-(--composer-overlap-px) pb-(--composer-overlap-px) [--composer-overlap-px:28px] grow flex\">\n<div class=\"flex flex-col text-sm\">\n<div class=\"\" data-turn-id-container=\"request-WEB:1f4530d6-a43e-4d24-889b-b29a18e44733-0\" data-is-intersecting=\"true\">\n<section class=\"text-token-text-primary w-full focus:outline-none [--shadow-height:45px] has-data-writing-block:pointer-events-none has-data-writing-block:-mt-(--shadow-height) has-data-writing-block:pt-(--shadow-height) [&amp;:has([data-writing-block])&gt;*]:pointer-events-auto R6Vx5W_threadScrollVars scroll-mb-[calc(var(--scroll-root-safe-area-inset-bottom,0px)+var(--thread-response-height))] scroll-mt-[calc(var(--header-height)+min(200px,max(70px,20svh)))]\" dir=\"auto\" data-turn-id=\"request-WEB:1f4530d6-a43e-4d24-889b-b29a18e44733-0\" data-testid=\"conversation-turn-2\" data-scroll-anchor=\"false\" data-turn=\"assistant\">\n<div class=\"text-base my-auto mx-auto pb-10 [--thread-content-margin:var(--thread-content-margin-xs,calc(var(--spacing)*4))] @w-sm\/main:[--thread-content-margin:var(--thread-content-margin-sm,calc(var(--spacing)*6))] @w-lg\/main:[--thread-content-margin:var(--thread-content-margin-lg,calc(var(--spacing)*16))] px-(--thread-content-margin)\">\n<div class=\"[--thread-content-max-width:40rem] @w-lg\/main:[--thread-content-max-width:48rem] mx-auto max-w-(--thread-content-max-width) flex-1 group\/turn-messages focus-visible:outline-hidden relative flex w-full min-w-0 flex-col agent-turn\">\n<div class=\"flex max-w-full flex-col gap-4 grow\">\n<div class=\"min-h-8 text-message relative flex w-full flex-col items-end gap-2 text-start break-words whitespace-normal outline-none keyboard-focused:focus-ring [.text-message+&amp;]:mt-1\" dir=\"auto\" tabindex=\"0\" data-message-author-role=\"assistant\" data-message-id=\"8009dfec-92c2-4a03-b17d-19eabc5284ff\" data-message-model-slug=\"gpt-5-3\" data-turn-start-message=\"true\">\n<div class=\"flex w-full flex-col gap-1 empty:hidden\">\n<div class=\"markdown prose dark:prose-invert w-full wrap-break-word light markdown-new-styling\">\n<p data-section-id=\"e43gp2\" data-start=\"81\" data-end=\"162\">\ud83c\udf0d\ud83c\udf99\ufe0f\u00a0En 1\u00ba de ESO, el aprendizaje va mucho m\u00e1s all\u00e1 de los contenidos: se trata de comprender el mundo en el que vivimos y el papel que cada uno de nosotros desempe\u00f1a en \u00e9l.<\/p>\n<p data-start=\"334\" data-end=\"816\">En el marco de una <strong data-start=\"353\" data-end=\"413\">unidad de indagaci\u00f3n del Bachillerato Internacional (IB)<\/strong>, el alumnado ha trabajado en torno a una idea clave: el equilibrio clim\u00e1tico depende de la interacci\u00f3n entre los sistemas naturales y los sistemas humanos, y cualquier alteraci\u00f3n en ellos puede tener consecuencias a escala global. Este enfoque permite conectar la ciencia con uno de los grandes retos actuales, desarrollando el pensamiento cr\u00edtico, la conciencia global y el sentido de responsabilidad.<\/p>\n<p data-start=\"818\" data-end=\"1187\">A lo largo de la unidad, las y los estudiantes han investigado c\u00f3mo funcionan los sistemas clim\u00e1ticos, c\u00f3mo influyen las acciones humanas en su equilibrio y qu\u00e9 impacto tienen estos cambios en diferentes partes del planeta. Todo ello desde una perspectiva activa, en la que el alumnado no solo adquiere conocimientos, sino que los analiza, los cuestiona y los comunica.<\/p>\n<p data-start=\"1189\" data-end=\"1478\">Como producto final, han dado forma a todo este aprendizaje a trav\u00e9s del podcast <strong data-start=\"1270\" data-end=\"1289\">\u201cAirean Gaude!\u201d<\/strong>, emitido en Lauhaixetara Irratia. En \u00e9l, han recreado una mesa redonda en la que, organizados en peque\u00f1os grupos, han asumido distintos roles como periodistas, meteor\u00f3logos o climat\u00f3logos.<\/p>\n<p data-start=\"1480\" data-end=\"1855\">Desde cada uno de estos puntos de vista, han analizado el clima y sus transformaciones, compartiendo informaci\u00f3n, contrastando ideas y explicando de manera clara y rigurosa los efectos del cambio clim\u00e1tico. Este formato les ha permitido trabajar no solo los contenidos cient\u00edficos, sino tambi\u00e9n habilidades clave como la comunicaci\u00f3n, la argumentaci\u00f3n y el trabajo en equipo.<\/p>\n<p data-start=\"1857\" data-end=\"2059\">Este tipo de experiencias <strong>reflejan la esencia del modelo educativo IB<\/strong>: <strong data-start=\"1928\" data-end=\"2058\">aprender investigando, conectar el conocimiento con la realidad y desarrollar una mirada cr\u00edtica y comprometida con el entorno<\/strong>.<\/p>\n<p data-start=\"2061\" data-end=\"2135\">Porque aprender tambi\u00e9n es entender\u2026 y actuar en el mundo que habitamos \ud83c\udf31<\/p>\n<\/div>\n<\/div>\n<\/div>\n<\/div>\n<\/div>\n<\/div>\n<\/section>\n<\/div>\n<\/div>\n<\/div>\n","protected":false},"excerpt":{"rendered":"<p>\ud83c\udf0d\ud83c\udf99\ufe0f\u00a0En 1\u00ba de ESO, el aprendizaje va mucho m\u00e1s all\u00e1 de los contenidos: se trata de comprender el mundo en el que vivimos y el papel que cada uno de nosotros desempe\u00f1a en \u00e9l. En el marco de una unidad de indagaci\u00f3n del Bachillerato Internacional (IB), el alumnado ha trabajado en torno a una idea [&hellip;]<\/p>\n","protected":false},"author":3,"featured_media":63908,"comment_status":"closed","ping_status":"open","sticky":false,"template":"","format":"standard","meta":{"footnotes":""},"categories":[223],"tags":[454,455,779],"class_list":["post-63907","post","type-post","status-publish","format-standard","has-post-thumbnail","hentry","category-ods-y-agenda-2030","tag-dbh-es","tag-eso-es","tag-pai"],"_links":{"self":[{"href":"https:\/\/www.lauaxeta.eus\/es\/wp-json\/wp\/v2\/posts\/63907","targetHints":{"allow":["GET"]}}],"collection":[{"href":"https:\/\/www.lauaxeta.eus\/es\/wp-json\/wp\/v2\/posts"}],"about":[{"href":"https:\/\/www.lauaxeta.eus\/es\/wp-json\/wp\/v2\/types\/post"}],"author":[{"embeddable":true,"href":"https:\/\/www.lauaxeta.eus\/es\/wp-json\/wp\/v2\/users\/3"}],"replies":[{"embeddable":true,"href":"https:\/\/www.lauaxeta.eus\/es\/wp-json\/wp\/v2\/comments?post=63907"}],"version-history":[{"count":1,"href":"https:\/\/www.lauaxeta.eus\/es\/wp-json\/wp\/v2\/posts\/63907\/revisions"}],"predecessor-version":[{"id":63911,"href":"https:\/\/www.lauaxeta.eus\/es\/wp-json\/wp\/v2\/posts\/63907\/revisions\/63911"}],"wp:featuredmedia":[{"embeddable":true,"href":"https:\/\/www.lauaxeta.eus\/es\/wp-json\/wp\/v2\/media\/63908"}],"wp:attachment":[{"href":"https:\/\/www.lauaxeta.eus\/es\/wp-json\/wp\/v2\/media?parent=63907"}],"wp:term":[{"taxonomy":"category","embeddable":true,"href":"https:\/\/www.lauaxeta.eus\/es\/wp-json\/wp\/v2\/categories?post=63907"},{"taxonomy":"post_tag","embeddable":true,"href":"https:\/\/www.lauaxeta.eus\/es\/wp-json\/wp\/v2\/tags?post=63907"}],"curies":[{"name":"wp","href":"https:\/\/api.w.org\/{rel}","templated":true}]}}