{"id":63953,"date":"2026-04-27T12:47:39","date_gmt":"2026-04-27T10:47:39","guid":{"rendered":"https:\/\/www.lauaxeta.eus\/?p=63953"},"modified":"2026-04-27T12:47:39","modified_gmt":"2026-04-27T10:47:39","slug":"aprender-desde-la-tierra-un-fin-de-semana-en-baserri-eskola","status":"publish","type":"post","link":"https:\/\/www.lauaxeta.eus\/es\/aprender-desde-la-tierra-un-fin-de-semana-en-baserri-eskola\/","title":{"rendered":"Aprender desde la tierra: un fin de semana en Baserri Eskola"},"content":{"rendered":"<p>\ud83c\udf3f\ud83d\udc13Este fin de semana hemos vuelto a abrir las puertas de Baserri Eskola en Lauaxeta Ikastola para acoger a un nuevo grupo. Una experiencia en la que el aprendizaje se conecta directamente con la naturaleza, el entorno y la vida real.<\/p>\n<p data-start=\"570\" data-end=\"911\">Durante su estancia, los participantes han podido <strong data-start=\"620\" data-end=\"733\">cuidar a los animales, trabajar en el huerto ecol\u00f3gico y entender de primera mano los ciclos de la naturaleza<\/strong>. Actividades que, m\u00e1s all\u00e1 de lo pr\u00e1ctico, se convierten en una oportunidad para desarrollar valores como la responsabilidad, el respeto y la sensibilidad hacia los seres vivos.<\/p>\n<h3 data-section-id=\"1qed36l\" data-start=\"913\" data-end=\"969\">\ud83c\udf31 \u00bfQu\u00e9 aporta esta experiencia desde el enfoque IB?<\/h3>\n<p data-start=\"971\" data-end=\"1106\">Baserri Eskola es un ejemplo claro de c\u00f3mo el aprendizaje experiencial se alinea con el modelo del <strong data-start=\"1070\" data-end=\"1105\">Bachillerato Internacional (IB)<\/strong>:<\/p>\n<ul data-start=\"1108\" data-end=\"1560\">\n<li data-section-id=\"1yrglal\" data-start=\"1108\" data-end=\"1224\"><strong data-start=\"1110\" data-end=\"1149\">Aprendizaje basado en la indagaci\u00f3n<\/strong>: observar, hacerse preguntas y comprender c\u00f3mo funcionan los ecosistemas<\/li>\n<li data-section-id=\"c1lstk\" data-start=\"1225\" data-end=\"1347\"><strong data-start=\"1227\" data-end=\"1257\">Conexi\u00f3n con el mundo real<\/strong>: entender de d\u00f3nde vienen los alimentos y c\u00f3mo influyen nuestras acciones en el entorno<\/li>\n<li data-section-id=\"1dsoebl\" data-start=\"1348\" data-end=\"1466\"><strong data-start=\"1350\" data-end=\"1391\">Desarrollo de la agencia del alumnado<\/strong>: asumir responsabilidades reales en el cuidado de animales y del entorno<\/li>\n<li data-section-id=\"2d5p4z\" data-start=\"1467\" data-end=\"1560\"><strong data-start=\"1469\" data-end=\"1502\">Mentalidad ecosocial y global<\/strong>: tomar conciencia del impacto que tenemos en el planeta<\/li>\n<\/ul>\n<p data-start=\"1562\" data-end=\"1664\">Aqu\u00ed, aprender no es solo adquirir conocimientos, sino <strong data-start=\"1617\" data-end=\"1663\">vivirlos, experimentarlos y darles sentido<\/strong>.<\/p>\n<h3 data-section-id=\"1q4xf19\" data-start=\"1666\" data-end=\"1705\">\ud83c\udf0d Educar para comprender\u2026 y cuidar<\/h3>\n<p data-start=\"1707\" data-end=\"1869\">Experiencias como Baserri Eskola ayudan a formar personas m\u00e1s conscientes, conectadas con su entorno y preparadas para tomar decisiones responsables en el futuro.<\/p>\n<p data-start=\"1871\" data-end=\"1927\">Porque cuando el aprendizaje se vive\u2026 <strong data-start=\"1911\" data-end=\"1927\">deja huella.<\/strong><\/p>\n","protected":false},"excerpt":{"rendered":"<p>\ud83c\udf3f\ud83d\udc13Este fin de semana hemos vuelto a abrir las puertas de Baserri Eskola en Lauaxeta Ikastola para acoger a un nuevo grupo. Una experiencia en la que el aprendizaje se conecta directamente con la naturaleza, el entorno y la vida real. Durante su estancia, los participantes han podido cuidar a los animales, trabajar en el [&hellip;]<\/p>\n","protected":false},"author":3,"featured_media":63954,"comment_status":"closed","ping_status":"open","sticky":false,"template":"","format":"standard","meta":{"footnotes":""},"categories":[221,223],"tags":[],"class_list":["post-63953","post","type-post","status-publish","format-standard","has-post-thumbnail","hentry","category-actividades-extraescolares-y-de-verano","category-ods-y-agenda-2030"],"_links":{"self":[{"href":"https:\/\/www.lauaxeta.eus\/es\/wp-json\/wp\/v2\/posts\/63953","targetHints":{"allow":["GET"]}}],"collection":[{"href":"https:\/\/www.lauaxeta.eus\/es\/wp-json\/wp\/v2\/posts"}],"about":[{"href":"https:\/\/www.lauaxeta.eus\/es\/wp-json\/wp\/v2\/types\/post"}],"author":[{"embeddable":true,"href":"https:\/\/www.lauaxeta.eus\/es\/wp-json\/wp\/v2\/users\/3"}],"replies":[{"embeddable":true,"href":"https:\/\/www.lauaxeta.eus\/es\/wp-json\/wp\/v2\/comments?post=63953"}],"version-history":[{"count":2,"href":"https:\/\/www.lauaxeta.eus\/es\/wp-json\/wp\/v2\/posts\/63953\/revisions"}],"predecessor-version":[{"id":63958,"href":"https:\/\/www.lauaxeta.eus\/es\/wp-json\/wp\/v2\/posts\/63953\/revisions\/63958"}],"wp:featuredmedia":[{"embeddable":true,"href":"https:\/\/www.lauaxeta.eus\/es\/wp-json\/wp\/v2\/media\/63954"}],"wp:attachment":[{"href":"https:\/\/www.lauaxeta.eus\/es\/wp-json\/wp\/v2\/media?parent=63953"}],"wp:term":[{"taxonomy":"category","embeddable":true,"href":"https:\/\/www.lauaxeta.eus\/es\/wp-json\/wp\/v2\/categories?post=63953"},{"taxonomy":"post_tag","embeddable":true,"href":"https:\/\/www.lauaxeta.eus\/es\/wp-json\/wp\/v2\/tags?post=63953"}],"curies":[{"name":"wp","href":"https:\/\/api.w.org\/{rel}","templated":true}]}}