{"id":64040,"date":"2026-04-30T09:26:52","date_gmt":"2026-04-30T07:26:52","guid":{"rendered":"https:\/\/www.lauaxeta.eus\/?p=64040"},"modified":"2026-04-30T09:26:52","modified_gmt":"2026-04-30T07:26:52","slug":"un-pequeno-gesto-un-gran-impacto","status":"publish","type":"post","link":"https:\/\/www.lauaxeta.eus\/es\/un-pequeno-gesto-un-gran-impacto\/","title":{"rendered":"Un peque\u00f1o gesto, un gran impacto"},"content":{"rendered":"<p data-section-id=\"1crq95q\" data-start=\"0\" data-end=\"41\">\ud83d\udcda\ud83d\udc9a <strong>Gracias a la feria solidaria del libro de segunda mano, se han recaudado 924\u20ac destinados a la <a href=\"https:\/\/www.myt1l.es\" target=\"_blank\" rel=\"noopener\">asociaci\u00f3n <span class=\"hover:entity-accent entity-underline inline cursor-pointer align-baseline\"><span class=\"whitespace-normal\">MYT1L Extravalientes<\/span><\/span>.<\/a><\/strong><br data-start=\"294\" data-end=\"297\" \/><strong>MYT1L Extravalientes trabaja para dar visibilidad, apoyar a las familias e impulsar la investigaci\u00f3n sobre el s\u00edndrome MYT1L, una enfermedad gen\u00e9tica poco frecuente que afecta al desarrollo neurol\u00f3gico.<\/strong><\/p>\n<p data-start=\"561\" data-end=\"775\">M\u00e1s all\u00e1 de la recaudaci\u00f3n, esta iniciativa permite al alumnado desarrollar valores como la <strong data-start=\"653\" data-end=\"664\">empat\u00eda<\/strong>, la <strong data-start=\"669\" data-end=\"695\">responsabilidad social<\/strong> y el <strong data-start=\"701\" data-end=\"730\">compromiso con su entorno<\/strong>, conectando el aprendizaje con la vida real.<\/p>\n<p data-start=\"777\" data-end=\"959\">Adem\u00e1s, a finales de mayo, las y los estudiantes esperan con ilusi\u00f3n la visita de la asociaci\u00f3n, donde podr\u00e1n conocer de cerca esta realidad y darle a\u00fan m\u00e1s sentido a todo lo vivido.<\/p>\n<p data-start=\"961\" data-end=\"1021\">\ud83d\udc9a Porque educar tambi\u00e9n es aprender a transformar el mundo.<\/p>\n","protected":false},"excerpt":{"rendered":"<p>\ud83d\udcda\ud83d\udc9a Gracias a la feria solidaria del libro de segunda mano, se han recaudado 924\u20ac destinados a la asociaci\u00f3n MYT1L Extravalientes.MYT1L Extravalientes trabaja para dar visibilidad, apoyar a las familias e impulsar la investigaci\u00f3n sobre el s\u00edndrome MYT1L, una enfermedad gen\u00e9tica poco frecuente que afecta al desarrollo neurol\u00f3gico. M\u00e1s all\u00e1 de la recaudaci\u00f3n, esta iniciativa [&hellip;]<\/p>\n","protected":false},"author":3,"featured_media":64041,"comment_status":"closed","ping_status":"open","sticky":false,"template":"","format":"standard","meta":{"footnotes":""},"categories":[223],"tags":[],"class_list":["post-64040","post","type-post","status-publish","format-standard","has-post-thumbnail","hentry","category-ods-y-agenda-2030"],"_links":{"self":[{"href":"https:\/\/www.lauaxeta.eus\/es\/wp-json\/wp\/v2\/posts\/64040","targetHints":{"allow":["GET"]}}],"collection":[{"href":"https:\/\/www.lauaxeta.eus\/es\/wp-json\/wp\/v2\/posts"}],"about":[{"href":"https:\/\/www.lauaxeta.eus\/es\/wp-json\/wp\/v2\/types\/post"}],"author":[{"embeddable":true,"href":"https:\/\/www.lauaxeta.eus\/es\/wp-json\/wp\/v2\/users\/3"}],"replies":[{"embeddable":true,"href":"https:\/\/www.lauaxeta.eus\/es\/wp-json\/wp\/v2\/comments?post=64040"}],"version-history":[{"count":2,"href":"https:\/\/www.lauaxeta.eus\/es\/wp-json\/wp\/v2\/posts\/64040\/revisions"}],"predecessor-version":[{"id":64045,"href":"https:\/\/www.lauaxeta.eus\/es\/wp-json\/wp\/v2\/posts\/64040\/revisions\/64045"}],"wp:featuredmedia":[{"embeddable":true,"href":"https:\/\/www.lauaxeta.eus\/es\/wp-json\/wp\/v2\/media\/64041"}],"wp:attachment":[{"href":"https:\/\/www.lauaxeta.eus\/es\/wp-json\/wp\/v2\/media?parent=64040"}],"wp:term":[{"taxonomy":"category","embeddable":true,"href":"https:\/\/www.lauaxeta.eus\/es\/wp-json\/wp\/v2\/categories?post=64040"},{"taxonomy":"post_tag","embeddable":true,"href":"https:\/\/www.lauaxeta.eus\/es\/wp-json\/wp\/v2\/tags?post=64040"}],"curies":[{"name":"wp","href":"https:\/\/api.w.org\/{rel}","templated":true}]}}