{"id":65317,"date":"2026-09-01T13:58:56","date_gmt":"2026-09-01T11:58:56","guid":{"rendered":"https:\/\/www.lauaxeta.eus\/?p=65317"},"modified":"2026-09-01T13:58:56","modified_gmt":"2026-09-01T11:58:56","slug":"ongi-etorriak-2026-2027-ikasturtera","status":"publish","type":"post","link":"https:\/\/www.lauaxeta.eus\/es\/ongi-etorriak-2026-2027-ikasturtera\/","title":{"rendered":"Ongi etorriak 2026-2027 ikasturtera!"},"content":{"rendered":"<p><em>Esperamos que el verano os haya servido para descansar y para disfrutar de aquellos planes y actividades que durante el a\u00f1o no solemos poder realizar. Bihotz bihotzez ongi etorriak.<\/em><\/p>\n<p><em>Me gustar\u00eda comenzar esta carta de bienvenida recordando el reciente fallecimiento de nuestra alumna Maddalen Errekagorri. Fallecida el mes pasado mientras disfrutaba de la monta\u00f1a. Goian bego.\u00a0 Ha sido un final de verano triste, y que como siempre cada vez que ocurren estos accidentes, nos suele servir para priorizar lo importante en la vida. Un fuerte abrazo a la familia y amigos\/as.<\/em><\/p>\n<p><em>Con respecto al nuevo curso, felizmente\u00a0 llega cargado de ilusi\u00f3n, retos y proyectos, y, como cada a\u00f1o, los primeros d\u00edas de septiembre vienen acompa\u00f1ados de muchas emociones: la ilusi\u00f3n de reencontrarse con los compa\u00f1eros, la nostalgia del fin de las vacaciones y las ganas y objetivos que trae consigo un nuevo inicio. Para las familias que os incorpor\u00e1is por primera vez a Lauaxeta, estas emociones probablemente se sientan todav\u00eda con mayor intensidad. Tranquilidad: juntos superaremos los obst\u00e1culos que puedan aparecer en el camino. Recordad que tanto los tutores de vuestros hijos e hijas como toda la ikastola estamos aqu\u00ed para ayudaros. Asimismo, las familias con m\u00e1s experiencia tambi\u00e9n estar\u00e1n a vuestro lado para facilitar el proceso de adaptaci\u00f3n.<\/em><\/p>\n<p><em>Queremos dirigirnos de manera especial a las familias de los m\u00e1s peque\u00f1os de nuestra ikastola: aquellas cuyos hijos e hijas acuden por primera vez a la escuela. Es probable que est\u00e9is m\u00e1s nerviosos que ellos. Nuestra experiencia nos dice que lo m\u00e1s importante es mantener la calma, ya que la escolarizaci\u00f3n es un paso m\u00e1s, natural, en el desarrollo personal de los ni\u00f1os y ni\u00f1as, comparable a cuando aprenden a caminar o a hablar.<\/em><\/p>\n<p><em>Un a\u00f1o m\u00e1s, nos hace especial ilusi\u00f3n dar la bienvenida al alumnado y familias del aula de 1 a\u00f1o, consolidando este espacio tan especial y continuando con nuestro compromiso de acompa\u00f1ar a los m\u00e1s peque\u00f1os desde sus primeros pasos en la ikastola.<\/em><\/p>\n<p><em>El curso llega tambi\u00e9n lleno de proyectos y nuevos retos. De hecho, el 2026-2027 ser\u00e1 el tercer a\u00f1o de nuestro Plan Estrat\u00e9gico, que sigue marcando el rumbo de Lauaxeta para los pr\u00f3ximos a\u00f1os. En las pr\u00f3ximas semanas compartiremos con vosotros los avances y novedades de este recorrido. Aunque la innovaci\u00f3n y las nuevas l\u00edneas estrat\u00e9gicas son importantes, nuestra prioridad seguir\u00e1 siendo fortalecer los ejes fundamentales de la ikastola: hacer bien lo que hacemos.<\/em><\/p>\n<p><em>Queremos destacar que en el a\u00f1o 2027 Lauaxeta Ikastola cumple 50 a\u00f1os, por lo que la segunda parte del curso, vendr\u00e1 tambi\u00e9n cargado de celebraciones y actividades relacionadas con esta efemeride.<\/em><\/p>\n<p><em>Dicho esto, recordaros que como cada a\u00f1o, damos una importancia fundamental al bienestar f\u00edsico y emocional del alumnado, pues un estudiante que se encuentra bien tiene la posibilidad de desarrollar todo su potencial y aprovechar al m\u00e1ximo las ricas experiencias de aprendizaje que le ofrecemos. Por ello, es imprescindible que la comunicaci\u00f3n entre la familia y la ikastola sea s\u00f3lida y adecuada.<\/em><\/p>\n<p><em>Para terminar, os pedimos que prest\u00e9is atenci\u00f3n a las comunicaciones que recibir\u00e9is en estos primeros d\u00edas, ya que contienen informaci\u00f3n esencial para iniciar correctamente el curso.<\/em><\/p>\n<p><em>Tambi\u00e9n este a\u00f1o debemos actuar unidos como comunidad formada por alumnado, familias e ikastola. El objetivo es claro: que cada estudiante valore sus capacidades y su esfuerzo, logre los objetivos del curso, afronte las dificultades que puedan surgir y, con ello, construya un futuro mejor para s\u00ed mismo y para la sociedad.<\/em><\/p>\n<p><em><strong>ONGI ETORRIAK! eta elkarlanean jarraitu dezagun.<\/strong><\/em><\/p>\n<p>Aitor Pagaldai<\/p>\n<p><strong>ZUZENDARIA<\/strong><\/p>\n","protected":false},"excerpt":{"rendered":"<p>Esperamos que el verano os haya servido para descansar y para disfrutar de aquellos planes y actividades que durante el a\u00f1o no solemos poder realizar. Bihotz bihotzez ongi etorriak. Me gustar\u00eda comenzar esta carta de bienvenida recordando el reciente fallecimiento de nuestra alumna Maddalen Errekagorri. Fallecida el mes pasado mientras disfrutaba de la monta\u00f1a. Goian [&hellip;]<\/p>\n","protected":false},"author":3,"featured_media":65318,"comment_status":"closed","ping_status":"open","sticky":false,"template":"","format":"standard","meta":{"footnotes":""},"categories":[1],"tags":[],"class_list":["post-65317","post","type-post","status-publish","format-standard","has-post-thumbnail","hentry","category-sin-categorizar"],"_links":{"self":[{"href":"https:\/\/www.lauaxeta.eus\/es\/wp-json\/wp\/v2\/posts\/65317","targetHints":{"allow":["GET"]}}],"collection":[{"href":"https:\/\/www.lauaxeta.eus\/es\/wp-json\/wp\/v2\/posts"}],"about":[{"href":"https:\/\/www.lauaxeta.eus\/es\/wp-json\/wp\/v2\/types\/post"}],"author":[{"embeddable":true,"href":"https:\/\/www.lauaxeta.eus\/es\/wp-json\/wp\/v2\/users\/3"}],"replies":[{"embeddable":true,"href":"https:\/\/www.lauaxeta.eus\/es\/wp-json\/wp\/v2\/comments?post=65317"}],"version-history":[{"count":1,"href":"https:\/\/www.lauaxeta.eus\/es\/wp-json\/wp\/v2\/posts\/65317\/revisions"}],"predecessor-version":[{"id":65321,"href":"https:\/\/www.lauaxeta.eus\/es\/wp-json\/wp\/v2\/posts\/65317\/revisions\/65321"}],"wp:featuredmedia":[{"embeddable":true,"href":"https:\/\/www.lauaxeta.eus\/es\/wp-json\/wp\/v2\/media\/65318"}],"wp:attachment":[{"href":"https:\/\/www.lauaxeta.eus\/es\/wp-json\/wp\/v2\/media?parent=65317"}],"wp:term":[{"taxonomy":"category","embeddable":true,"href":"https:\/\/www.lauaxeta.eus\/es\/wp-json\/wp\/v2\/categories?post=65317"},{"taxonomy":"post_tag","embeddable":true,"href":"https:\/\/www.lauaxeta.eus\/es\/wp-json\/wp\/v2\/tags?post=65317"}],"curies":[{"name":"wp","href":"https:\/\/api.w.org\/{rel}","templated":true}]}}