{"id":65326,"date":"2026-09-01T14:14:28","date_gmt":"2026-09-01T12:14:28","guid":{"rendered":"https:\/\/www.lauaxeta.eus\/?p=65326"},"modified":"2026-09-01T14:14:28","modified_gmt":"2026-09-01T12:14:28","slug":"damos-comienzo-al-aula-abierta-de-infantil","status":"publish","type":"post","link":"https:\/\/www.lauaxeta.eus\/es\/damos-comienzo-al-aula-abierta-de-infantil\/","title":{"rendered":"Damos comienzo al Aula Abierta de Infantil"},"content":{"rendered":"<p>\ud83c\udf31\u00a0Con el inicio del nuevo curso, en Lauaxeta hemos puesto tambi\u00e9n en marcha el <strong>Aula Abierta de Educaci\u00f3n Infantil<\/strong>, un espacio pensado para acompa\u00f1ar a las ni\u00f1as y los ni\u00f1os m\u00e1s peque\u00f1os \u2014y tambi\u00e9n a sus familias\u2014 en sus primeros pasos en la Ikastola. \ud83d\udc99<\/p>\n<p>Estos primeros d\u00edas est\u00e1n llenos de emociones: ilusi\u00f3n, curiosidad, alg\u00fan nervio y muchos descubrimientos. \u2728<\/p>\n<p>Para muchas ni\u00f1as y ni\u00f1os es su primer contacto con la Ikastola, con quienes ser\u00e1n sus compa\u00f1eras y compa\u00f1eros, con el equipo educativo y con los espacios que, poco a poco, pasar\u00e1n a formar parte de su d\u00eda a d\u00eda.<\/p>\n<h3>\ud83d\udc63 Un comienzo gradual y respetuoso<\/h3>\n<p>El Aula Abierta permite que este primer acercamiento se produzca de forma <strong>gradual, cercana y respetuosa<\/strong>, con el acompa\u00f1amiento inicial de las familias y favoreciendo que cada ni\u00f1a y cada ni\u00f1o avance a su propio ritmo.<\/p>\n<p>Durante estas primeras jornadas pueden:<\/p>\n<ul>\n<li>\ud83e\uddf8 Jugar, explorar y descubrir.<\/li>\n<li>\ud83d\udc4b Conocer a sus compa\u00f1eras y compa\u00f1eros.<\/li>\n<li>\ud83c\udfeb Familiarizarse con el aula y con los diferentes espacios.<\/li>\n<li>\ud83e\udd1d Empezar a crear los primeros v\u00ednculos con las personas que les acompa\u00f1ar\u00e1n durante el curso.<\/li>\n<\/ul>\n<p>Son peque\u00f1os pasos que ayudan a que la llegada a la Ikastola se viva con mayor seguridad, confianza y tranquilidad.<\/p>\n<h3>\ud83d\udc68\u200d\ud83d\udc69\u200d\ud83d\udc67 Tambi\u00e9n acompa\u00f1amos a las familias<\/h3>\n<p>Sabemos que este proceso no solo es importante para las ni\u00f1as y los ni\u00f1os. Tambi\u00e9n lo es para sus familias.<\/p>\n<p>El comienzo de la escolarizaci\u00f3n puede despertar ilusi\u00f3n, dudas, nervios e incluso cierta nostalgia. Por eso, estos primeros d\u00edas sirven tambi\u00e9n para conocernos, conversar y empezar a construir una relaci\u00f3n de confianza entre <strong>familias e Ikastola<\/strong>.<\/p>\n<p>En Lauaxeta entendemos la adaptaci\u00f3n como un proceso compartido en el que <strong>familias, alumnado y equipo educativo caminamos conjuntamente<\/strong>, poniendo siempre en el centro el bienestar y las necesidades de cada ni\u00f1a y cada ni\u00f1o. \ud83d\udc9b<\/p>\n<p>As\u00ed hemos dado comienzo a una nueva edici\u00f3n de nuestro <strong>Aula Abierta<\/strong>: con juegos, primeras miradas, nuevos v\u00ednculos y muchos peque\u00f1os descubrimientos. \ud83c\udf08<\/p>\n<p><strong>Ongi etorri Lauaxetara! Bienvenidas y bienvenidos a esta nueva etapa.<\/strong> \ud83e\udd17<\/p>\n","protected":false},"excerpt":{"rendered":"<p>\ud83c\udf31\u00a0Con el inicio del nuevo curso, en Lauaxeta hemos puesto tambi\u00e9n en marcha el Aula Abierta de Educaci\u00f3n Infantil, un espacio pensado para acompa\u00f1ar a las ni\u00f1as y los ni\u00f1os m\u00e1s peque\u00f1os \u2014y tambi\u00e9n a sus familias\u2014 en sus primeros pasos en la Ikastola. \ud83d\udc99 Estos primeros d\u00edas est\u00e1n llenos de emociones: ilusi\u00f3n, curiosidad, alg\u00fan [&hellip;]<\/p>\n","protected":false},"author":3,"featured_media":65328,"comment_status":"closed","ping_status":"open","sticky":false,"template":"","format":"standard","meta":{"footnotes":""},"categories":[1],"tags":[408,434],"class_list":["post-65326","post","type-post","status-publish","format-standard","has-post-thumbnail","hentry","category-sin-categorizar","tag-hh-es","tag-infantil"],"_links":{"self":[{"href":"https:\/\/www.lauaxeta.eus\/es\/wp-json\/wp\/v2\/posts\/65326","targetHints":{"allow":["GET"]}}],"collection":[{"href":"https:\/\/www.lauaxeta.eus\/es\/wp-json\/wp\/v2\/posts"}],"about":[{"href":"https:\/\/www.lauaxeta.eus\/es\/wp-json\/wp\/v2\/types\/post"}],"author":[{"embeddable":true,"href":"https:\/\/www.lauaxeta.eus\/es\/wp-json\/wp\/v2\/users\/3"}],"replies":[{"embeddable":true,"href":"https:\/\/www.lauaxeta.eus\/es\/wp-json\/wp\/v2\/comments?post=65326"}],"version-history":[{"count":1,"href":"https:\/\/www.lauaxeta.eus\/es\/wp-json\/wp\/v2\/posts\/65326\/revisions"}],"predecessor-version":[{"id":65331,"href":"https:\/\/www.lauaxeta.eus\/es\/wp-json\/wp\/v2\/posts\/65326\/revisions\/65331"}],"wp:featuredmedia":[{"embeddable":true,"href":"https:\/\/www.lauaxeta.eus\/es\/wp-json\/wp\/v2\/media\/65328"}],"wp:attachment":[{"href":"https:\/\/www.lauaxeta.eus\/es\/wp-json\/wp\/v2\/media?parent=65326"}],"wp:term":[{"taxonomy":"category","embeddable":true,"href":"https:\/\/www.lauaxeta.eus\/es\/wp-json\/wp\/v2\/categories?post=65326"},{"taxonomy":"post_tag","embeddable":true,"href":"https:\/\/www.lauaxeta.eus\/es\/wp-json\/wp\/v2\/tags?post=65326"}],"curies":[{"name":"wp","href":"https:\/\/api.w.org\/{rel}","templated":true}]}}