{"id":65423,"date":"2026-09-04T11:49:15","date_gmt":"2026-09-04T09:49:15","guid":{"rendered":"https:\/\/www.lauaxeta.eus\/?p=65423"},"modified":"2026-09-04T11:49:15","modified_gmt":"2026-09-04T09:49:15","slug":"para-estar-mas-cerca-nuestra-guia-de-contactos","status":"publish","type":"post","link":"https:\/\/www.lauaxeta.eus\/es\/para-estar-mas-cerca-nuestra-guia-de-contactos\/","title":{"rendered":"Para estar m\u00e1s cerca: nuestra Gu\u00eda de Contactos"},"content":{"rendered":"<p>Un nuevo curso trae consigo horarios, actividades, reuniones, proyectos\u2026 y tambi\u00e9n muchas preguntas. \ud83d\ude0a<\/p>\n<p>\u00bfCon qui\u00e9n tengo que hablar sobre una cuesti\u00f3n acad\u00e9mica? \u00bfA qui\u00e9n puedo trasladar una duda concreta? \u00bfCu\u00e1l es el contacto adecuado para cada tema?<\/p>\n<p>Para facilitar el d\u00eda a d\u00eda de las familias, contamos con nuestra <strong>agenda de contactos, Kontaktu Gida<\/strong>, una gu\u00eda pr\u00e1ctica en la que encontrar\u00e9is a las personas y contactos de referencia de la ikastola. \ud83d\udcf1\ud83d\udcbb<\/p>\n<p>Porque una buena comunicaci\u00f3n empieza tambi\u00e9n por saber a qui\u00e9n dirigirnos.<\/p>\n<p>Pod\u00e9is encontrar y descargar nuestra <strong>Kontaktu Gida en la parte privada de la web de Lauaxeta<\/strong> y, adem\u00e1s, <strong>tambi\u00e9n os la enviaremos por circular<\/strong>, para que pod\u00e1is tenerla siempre a mano, tanto en el tel\u00e9fono m\u00f3vil como en el ordenador.<\/p>\n<p>En una comunidad educativa tan amplia como Lauaxeta, queremos que encontrar a la persona adecuada sea lo m\u00e1s sencillo posible. \ud83e\udd1d<\/p>\n<p><strong>Gu\u00e1rdala cerca: seguro que ser\u00e1 \u00fatil a lo largo del curso 2026-2027.<\/strong><\/p>\n","protected":false},"excerpt":{"rendered":"<p>Un nuevo curso trae consigo horarios, actividades, reuniones, proyectos\u2026 y tambi\u00e9n muchas preguntas. \ud83d\ude0a \u00bfCon qui\u00e9n tengo que hablar sobre una cuesti\u00f3n acad\u00e9mica? \u00bfA qui\u00e9n puedo trasladar una duda concreta? \u00bfCu\u00e1l es el contacto adecuado para cada tema? Para facilitar el d\u00eda a d\u00eda de las familias, contamos con nuestra agenda de contactos, Kontaktu Gida, [&hellip;]<\/p>\n","protected":false},"author":3,"featured_media":65395,"comment_status":"closed","ping_status":"open","sticky":false,"template":"","format":"standard","meta":{"footnotes":""},"categories":[1],"tags":[],"class_list":["post-65423","post","type-post","status-publish","format-standard","has-post-thumbnail","hentry","category-sin-categorizar"],"_links":{"self":[{"href":"https:\/\/www.lauaxeta.eus\/es\/wp-json\/wp\/v2\/posts\/65423","targetHints":{"allow":["GET"]}}],"collection":[{"href":"https:\/\/www.lauaxeta.eus\/es\/wp-json\/wp\/v2\/posts"}],"about":[{"href":"https:\/\/www.lauaxeta.eus\/es\/wp-json\/wp\/v2\/types\/post"}],"author":[{"embeddable":true,"href":"https:\/\/www.lauaxeta.eus\/es\/wp-json\/wp\/v2\/users\/3"}],"replies":[{"embeddable":true,"href":"https:\/\/www.lauaxeta.eus\/es\/wp-json\/wp\/v2\/comments?post=65423"}],"version-history":[{"count":2,"href":"https:\/\/www.lauaxeta.eus\/es\/wp-json\/wp\/v2\/posts\/65423\/revisions"}],"predecessor-version":[{"id":65428,"href":"https:\/\/www.lauaxeta.eus\/es\/wp-json\/wp\/v2\/posts\/65423\/revisions\/65428"}],"wp:featuredmedia":[{"embeddable":true,"href":"https:\/\/www.lauaxeta.eus\/es\/wp-json\/wp\/v2\/media\/65395"}],"wp:attachment":[{"href":"https:\/\/www.lauaxeta.eus\/es\/wp-json\/wp\/v2\/media?parent=65423"}],"wp:term":[{"taxonomy":"category","embeddable":true,"href":"https:\/\/www.lauaxeta.eus\/es\/wp-json\/wp\/v2\/categories?post=65423"},{"taxonomy":"post_tag","embeddable":true,"href":"https:\/\/www.lauaxeta.eus\/es\/wp-json\/wp\/v2\/tags?post=65423"}],"curies":[{"name":"wp","href":"https:\/\/api.w.org\/{rel}","templated":true}]}}